{"id":982,"date":"2026-01-08T11:42:19","date_gmt":"2026-01-08T11:42:19","guid":{"rendered":"https:\/\/pinkjournal.se\/?p=982"},"modified":"2026-01-08T11:42:19","modified_gmt":"2026-01-08T11:42:19","slug":"vantar-pa-ett-vettigt-svar","status":"publish","type":"post","link":"https:\/\/ewelyn.se\/?p=982","title":{"rendered":"V\u00e4ntar p\u00e5 ett vettigt svar"},"content":{"rendered":"\n<p>Hej! Jag vet inte om ni har reagerat, men jag har, det har kommit upp felmeddelanden h\u00e4r i bloggen n\u00e5gra g\u00e5nger dagligen, men nu har mitt k\u00e4ra webbhotell justerat gr\u00e4nserna f\u00f6r max antal CPU-k\u00e4rnor, minne och processer. Men nu ska det fungera bra, tur \u00e4r v\u00e4l det f\u00f6r jag fick lite panik p\u00e5 det. <\/p>\n\n\n\n<p>V\u00e4rken i kroppen b\u00f6rjar g\u00f6ra sig mer p\u00e5taglig. Det p\u00e5verkar verkligen mitt psyke vill jag tala om. Det \u00e4r sv\u00e5rt att l\u00e5tsas att inte ha ont. L\u00e5tsas att se glad ut. Det som k\u00e4nns v\u00e4rst just nu \u00e4r att det str\u00e5lar fr\u00e5n l\u00e4ndryggen ut till mitt onda kn\u00e4 och ner till sj\u00e4lvaste foten. K\u00e4nns som en l\u00e4tt vrickning i foten. Bl\u00e4 som fan allts\u00e5! Jag hoppas jag f\u00e5r ett vettigt svar fr\u00e5n V\u00e5rdcentralen som f\u00f6rhoppningsvis inte g\u00f6r mig mer hj\u00e4lpl\u00f6s, frustrerad, arg och ledsen.<\/p>\n","protected":false},"excerpt":{"rendered":"<p>Hej! Jag vet inte om ni har reagerat, men jag har, det har kommit upp felmeddelanden h\u00e4r i bloggen n\u00e5gra g\u00e5nger dagligen, men nu har &hellip; <\/p>\n","protected":false},"author":1,"featured_media":983,"comment_status":"closed","ping_status":"open","sticky":false,"template":"","format":"standard","meta":{"footnotes":""},"categories":[3,12,14,24,33],"tags":[],"class_list":["post-982","post","type-post","status-publish","format-standard","has-post-thumbnail","hentry","category-01-personligt","category-ego","category-fibromyalgi","category-pinkjournal","category-tankar"],"_links":{"self":[{"href":"https:\/\/ewelyn.se\/index.php?rest_route=\/wp\/v2\/posts\/982","targetHints":{"allow":["GET"]}}],"collection":[{"href":"https:\/\/ewelyn.se\/index.php?rest_route=\/wp\/v2\/posts"}],"about":[{"href":"https:\/\/ewelyn.se\/index.php?rest_route=\/wp\/v2\/types\/post"}],"author":[{"embeddable":true,"href":"https:\/\/ewelyn.se\/index.php?rest_route=\/wp\/v2\/users\/1"}],"replies":[{"embeddable":true,"href":"https:\/\/ewelyn.se\/index.php?rest_route=%2Fwp%2Fv2%2Fcomments&post=982"}],"version-history":[{"count":0,"href":"https:\/\/ewelyn.se\/index.php?rest_route=\/wp\/v2\/posts\/982\/revisions"}],"wp:featuredmedia":[{"embeddable":true,"href":"https:\/\/ewelyn.se\/index.php?rest_route=\/wp\/v2\/media\/983"}],"wp:attachment":[{"href":"https:\/\/ewelyn.se\/index.php?rest_route=%2Fwp%2Fv2%2Fmedia&parent=982"}],"wp:term":[{"taxonomy":"category","embeddable":true,"href":"https:\/\/ewelyn.se\/index.php?rest_route=%2Fwp%2Fv2%2Fcategories&post=982"},{"taxonomy":"post_tag","embeddable":true,"href":"https:\/\/ewelyn.se\/index.php?rest_route=%2Fwp%2Fv2%2Ftags&post=982"}],"curies":[{"name":"wp","href":"https:\/\/api.w.org\/{rel}","templated":true}]}}