{"id":960,"date":"2026-01-07T21:38:36","date_gmt":"2026-01-07T21:38:36","guid":{"rendered":"https:\/\/pinkjournal.se\/?p=960"},"modified":"2026-01-07T21:38:36","modified_gmt":"2026-01-07T21:38:36","slug":"jag-kommer-vissna","status":"publish","type":"post","link":"https:\/\/ewelyn.se\/?p=960","title":{"rendered":"Jag kommer vissna"},"content":{"rendered":"<p>V\u00e4rmande respons fr\u00e5n er b\u00e5de p\u00e5 Facebook och privat, tack, betyder oerh\u00f6rt mycket!<\/p>\n<blockquote><p>En dag i taget, ett steg i taget..<\/p><\/blockquote>\n<p>\u201dT\u00e4nk p\u00e5 annat\u201d<\/p>\n<p>.. har jag h\u00f6rt personer s\u00e4ga till mig f\u00f6rr och \u00e4ven nu. Men det \u00e4r inte s\u00e5 l\u00e4tt. Jag f\u00f6rst\u00e5r s\u00e5klart att det \u00e4r med v\u00e4lmening.<\/p>\n<p>Jag \u00f6nskar verkligen att det vore s\u00e5 enkelt. Om det gick att t\u00e4nka bort sm\u00e4rtan hade jag gjort det f\u00f6r l\u00e4nge sedan. F\u00f6r mig \u00e4r sm\u00e4rtan d\u00e4r \u00e4ven n\u00e4r jag f\u00f6rs\u00f6ker fokusera p\u00e5 annat. Min sm\u00e4rta sitter i nervsystemet och inte i tankarna.<\/p>\n<p>Nu hoppas jag p\u00e5 en lugn kv\u00e4ll och jag hoppas jag f\u00e5r sova n\u00e5got. Imorgon blir det jobb. Jag hoppas jag kommer orka det. En heldag vet jag inte, men vi f\u00e5r se hur det kommer se ut f\u00f6r mig imorgon.<\/p>\n<p><em>Kram p\u00e5 er \u2661<\/em><\/p>\n","protected":false},"excerpt":{"rendered":"<p>V\u00e4rmande respons fr\u00e5n er b\u00e5de p\u00e5 Facebook och privat, tack, betyder oerh\u00f6rt mycket! En dag i taget, ett steg i taget.. \u201dT\u00e4nk p\u00e5 annat\u201d .. &hellip; <\/p>\n","protected":false},"author":1,"featured_media":958,"comment_status":"closed","ping_status":"open","sticky":false,"template":"","format":"standard","meta":{"footnotes":""},"categories":[3,4,14,37,25,33],"tags":[],"class_list":["post-960","post","type-post","status-publish","format-standard","has-post-thumbnail","hentry","category-01-personligt","category-02-fotografier","category-fibromyalgi","category-iphone-16-plus","category-portratt","category-tankar"],"_links":{"self":[{"href":"https:\/\/ewelyn.se\/index.php?rest_route=\/wp\/v2\/posts\/960","targetHints":{"allow":["GET"]}}],"collection":[{"href":"https:\/\/ewelyn.se\/index.php?rest_route=\/wp\/v2\/posts"}],"about":[{"href":"https:\/\/ewelyn.se\/index.php?rest_route=\/wp\/v2\/types\/post"}],"author":[{"embeddable":true,"href":"https:\/\/ewelyn.se\/index.php?rest_route=\/wp\/v2\/users\/1"}],"replies":[{"embeddable":true,"href":"https:\/\/ewelyn.se\/index.php?rest_route=%2Fwp%2Fv2%2Fcomments&post=960"}],"version-history":[{"count":0,"href":"https:\/\/ewelyn.se\/index.php?rest_route=\/wp\/v2\/posts\/960\/revisions"}],"wp:featuredmedia":[{"embeddable":true,"href":"https:\/\/ewelyn.se\/index.php?rest_route=\/wp\/v2\/media\/958"}],"wp:attachment":[{"href":"https:\/\/ewelyn.se\/index.php?rest_route=%2Fwp%2Fv2%2Fmedia&parent=960"}],"wp:term":[{"taxonomy":"category","embeddable":true,"href":"https:\/\/ewelyn.se\/index.php?rest_route=%2Fwp%2Fv2%2Fcategories&post=960"},{"taxonomy":"post_tag","embeddable":true,"href":"https:\/\/ewelyn.se\/index.php?rest_route=%2Fwp%2Fv2%2Ftags&post=960"}],"curies":[{"name":"wp","href":"https:\/\/api.w.org\/{rel}","templated":true}]}}