{"id":948,"date":"2026-01-07T18:23:50","date_gmt":"2026-01-07T18:23:50","guid":{"rendered":"https:\/\/pinkjournal.se\/?p=948"},"modified":"2026-01-07T18:23:50","modified_gmt":"2026-01-07T18:23:50","slug":"kanner-mig-i-obalans","status":"publish","type":"post","link":"https:\/\/ewelyn.se\/?p=948","title":{"rendered":"K\u00e4nner mig i obalans"},"content":{"rendered":"\n<p>Hej! Jag k\u00e4nner mig i en s\u00e5n obalans just nu. Har precis fixat matl\u00e5dan till imorgon, blev arg f\u00f6r n\u00e5gon tagit slut p\u00e5 gr\u00f6nsakerna utan att s\u00e4ga till, s\u00e5 himla on\u00f6digt att bli s\u00e5 arg som jag blev. Det l\u00f6ste sig iallafall. Sl\u00e4ngde \u00e4ven snabbt ihop en muffinssmet, \u00e4r s\u00e5 s\u00f6tsugen n\u00e4mligen. Det blev citronmuffins, inga cupcakes f\u00f6r jag orkar inga sl\u00e4nga ihop en frosting. De blev iallafall goda!<\/p>\n\n\n\n<p>Jag har varit s\u00e4ngliggande f\u00f6r \u00f6vrigt. Ja, vad mer ska jag s\u00e4ga? Inget k\u00e4nns okej just nu iallafall. K\u00e4nner mig nedst\u00e4md faktiskt. Sl\u00f6tittat p\u00e5 <em>&#8221;Gift vid f\u00f6rsta \u00f6gonkastet &#8211; Australien&#8221;<\/em>. Vilket drygt program, jag vill ha mer action, nu \u00e4r jag visserligen bara p\u00e5 avsnitt tv\u00e5. Den k\u00e4nns l\u00e5ng och utdragen. Jag ska nog titta p\u00e5 Sveriges M\u00e4sterkock idag igen. <em>Mycket roligare!<\/em><\/p>\n\n\n\n<p><em>Min lilla gremlin Polly!<\/em><\/p>\n","protected":false},"excerpt":{"rendered":"<p>Hej! Jag k\u00e4nner mig i en s\u00e5n obalans just nu. Har precis fixat matl\u00e5dan till imorgon, blev arg f\u00f6r n\u00e5gon tagit slut p\u00e5 gr\u00f6nsakerna utan &hellip; <\/p>\n","protected":false},"author":1,"featured_media":949,"comment_status":"closed","ping_status":"open","sticky":false,"template":"","format":"standard","meta":{"footnotes":""},"categories":[3,4,7,11,12,16,36,33,34],"tags":[],"class_list":["post-948","post","type-post","status-publish","format-standard","has-post-thumbnail","hentry","category-01-personligt","category-02-fotografier","category-05-svansbarnen","category-djuren","category-ego","category-hundarna","category-iphone-14-pro","category-tankar","category-utrustning"],"_links":{"self":[{"href":"https:\/\/ewelyn.se\/index.php?rest_route=\/wp\/v2\/posts\/948","targetHints":{"allow":["GET"]}}],"collection":[{"href":"https:\/\/ewelyn.se\/index.php?rest_route=\/wp\/v2\/posts"}],"about":[{"href":"https:\/\/ewelyn.se\/index.php?rest_route=\/wp\/v2\/types\/post"}],"author":[{"embeddable":true,"href":"https:\/\/ewelyn.se\/index.php?rest_route=\/wp\/v2\/users\/1"}],"replies":[{"embeddable":true,"href":"https:\/\/ewelyn.se\/index.php?rest_route=%2Fwp%2Fv2%2Fcomments&post=948"}],"version-history":[{"count":0,"href":"https:\/\/ewelyn.se\/index.php?rest_route=\/wp\/v2\/posts\/948\/revisions"}],"wp:featuredmedia":[{"embeddable":true,"href":"https:\/\/ewelyn.se\/index.php?rest_route=\/wp\/v2\/media\/949"}],"wp:attachment":[{"href":"https:\/\/ewelyn.se\/index.php?rest_route=%2Fwp%2Fv2%2Fmedia&parent=948"}],"wp:term":[{"taxonomy":"category","embeddable":true,"href":"https:\/\/ewelyn.se\/index.php?rest_route=%2Fwp%2Fv2%2Fcategories&post=948"},{"taxonomy":"post_tag","embeddable":true,"href":"https:\/\/ewelyn.se\/index.php?rest_route=%2Fwp%2Fv2%2Ftags&post=948"}],"curies":[{"name":"wp","href":"https:\/\/api.w.org\/{rel}","templated":true}]}}