{"id":923,"date":"2026-01-07T15:22:38","date_gmt":"2026-01-07T15:22:38","guid":{"rendered":"https:\/\/pinkjournal.se\/?p=923"},"modified":"2026-01-07T15:22:38","modified_gmt":"2026-01-07T15:22:38","slug":"bloggen-blir-min-plattform","status":"publish","type":"post","link":"https:\/\/ewelyn.se\/?p=923","title":{"rendered":"Bloggen blir min plattform"},"content":{"rendered":"\n<p>Hej! Jag har best\u00e4mt mig f\u00f6r att l\u00e5ta bloggen bli min prim\u00e4ra plattform. H\u00e4r l\u00e4gger jag all min fokus ist\u00e4llet f\u00f6r \u00f6vriga sociala medier. Bloggen ska ju fungera som min fristad, en plats jag kan ventilera om precis allt jag vill skriva om. S\u00e5 ska det ju vara egentligen. Och s\u00e5 ska det bli fram\u00f6ver iallafall.<\/p>\n\n\n\n<p>Idag h\u00e4nger det en tr\u00f6tthet \u00f6ver mig. Jag somnade v\u00e4ldigt sent och vaknade v\u00e4ldigt sent. N\u00e4r jag var ute hos r\u00e5ttorna hade Vera f\u00e5tt sina bebisar iallafall tv\u00e5 dagar tidigare \u00e4n jag t\u00e4nkt. Jag hade flyttat henne till mindre bur men n\u00e4r jag var ute hos dom l\u00e5g d\u00e4r en liten h\u00f6g med kalla, fortfarande levande bebisar tack och lov, p\u00e5 ett litet triangel hyllplan. Jag stoppade ner dom hos henne, jag s\u00e5g inte om d\u00e4r var fler under henne redan f\u00f6r det sista man vill g\u00f6ra \u00e4r att st\u00f6ra den nyf\u00f6rl\u00f6sta mamman, som dessutom \u00e4r f\u00f6rstaf\u00f6derska. M\u00e5tte detta g\u00e5 bra nu. Men jag t\u00e4nker inte ha n\u00e5gra f\u00f6rv\u00e4ntningar f\u00f6r det \u00e4r bara dumt. Vi tar det som det kommer. Jag kommer dock be att allting ska g\u00e5 bra f\u00f6r henne och bebisarna. <\/p>\n\n\n\n<p><em>Imorgon ska jag till jobbet. Vet inte hur jag ska klara det men det f\u00e5r b\u00e4ra eller brista. K\u00e4nner jag att det inte g\u00e5r s\u00e5 f\u00e5r jag \u00e5ka hem, jag vill f\u00f6rs\u00f6ka. <\/em><\/p>\n","protected":false},"excerpt":{"rendered":"<p>Hej! Jag har best\u00e4mt mig f\u00f6r att l\u00e5ta bloggen bli min prim\u00e4ra plattform. H\u00e4r l\u00e4gger jag all min fokus ist\u00e4llet f\u00f6r \u00f6vriga sociala medier. Bloggen &hellip; <\/p>\n","protected":false},"author":1,"featured_media":924,"comment_status":"closed","ping_status":"open","sticky":false,"template":"","format":"standard","meta":{"footnotes":""},"categories":[3,4,6,14,36,23,28,33,34],"tags":[],"class_list":["post-923","post","type-post","status-publish","format-standard","has-post-thumbnail","hentry","category-01-personligt","category-02-fotografier","category-04-vardagligt","category-fibromyalgi","category-iphone-14-pro","category-ovrigt","category-snicksnack","category-tankar","category-utrustning"],"_links":{"self":[{"href":"https:\/\/ewelyn.se\/index.php?rest_route=\/wp\/v2\/posts\/923","targetHints":{"allow":["GET"]}}],"collection":[{"href":"https:\/\/ewelyn.se\/index.php?rest_route=\/wp\/v2\/posts"}],"about":[{"href":"https:\/\/ewelyn.se\/index.php?rest_route=\/wp\/v2\/types\/post"}],"author":[{"embeddable":true,"href":"https:\/\/ewelyn.se\/index.php?rest_route=\/wp\/v2\/users\/1"}],"replies":[{"embeddable":true,"href":"https:\/\/ewelyn.se\/index.php?rest_route=%2Fwp%2Fv2%2Fcomments&post=923"}],"version-history":[{"count":0,"href":"https:\/\/ewelyn.se\/index.php?rest_route=\/wp\/v2\/posts\/923\/revisions"}],"wp:featuredmedia":[{"embeddable":true,"href":"https:\/\/ewelyn.se\/index.php?rest_route=\/wp\/v2\/media\/924"}],"wp:attachment":[{"href":"https:\/\/ewelyn.se\/index.php?rest_route=%2Fwp%2Fv2%2Fmedia&parent=923"}],"wp:term":[{"taxonomy":"category","embeddable":true,"href":"https:\/\/ewelyn.se\/index.php?rest_route=%2Fwp%2Fv2%2Fcategories&post=923"},{"taxonomy":"post_tag","embeddable":true,"href":"https:\/\/ewelyn.se\/index.php?rest_route=%2Fwp%2Fv2%2Ftags&post=923"}],"curies":[{"name":"wp","href":"https:\/\/api.w.org\/{rel}","templated":true}]}}