{"id":921,"date":"2026-01-07T00:03:08","date_gmt":"2026-01-07T00:03:08","guid":{"rendered":"https:\/\/pinkjournal.se\/?p=921"},"modified":"2026-01-07T00:03:08","modified_gmt":"2026-01-07T00:03:08","slug":"nar-smarta-inte-syns","status":"publish","type":"post","link":"https:\/\/ewelyn.se\/?p=921","title":{"rendered":"N\u00e4r sm\u00e4rta inte syns"},"content":{"rendered":"\n<p class=\"p1\">Det \u00e4r sv\u00e5rt att s\u00e4tta ord p\u00e5 hur jag egentligen m\u00e5r just nu. Kanske f\u00f6r att jag s\u00e5 l\u00e4nge har varit tvungen att bita ihop. Le, fungera, forts\u00e4tta. Men sanningen \u00e4r att det \u00e4r tufft. V\u00e4ldigt tufft.<\/p>\n\n\n\n<p class=\"p1\">Jag lever med kronisk v\u00e4rk. Fibromyalgi. Diskbr\u00e5ck i de tre nedersta l\u00e4ndkotorna. Och sv\u00e5r artros i mitt v\u00e4nstra kn\u00e4. Sm\u00e4rta som aldrig riktigt sl\u00e4pper, som finns d\u00e4r fr\u00e5n att jag vaknar tills jag somnar \u2013 och ibland \u00e4ven i s\u00f6mnen. Det \u00e4r inte \u201clite ont\u201d, det \u00e4r inte n\u00e5got som g\u00e5r \u00f6ver med vila eller vilja.<\/p>\n\n\n\n<p class=\"p1\">Just nu k\u00e4nner jag mig ledsen. Tom. Tr\u00f6tt p\u00e5 ett s\u00e4tt som g\u00e5r djupare \u00e4n vanlig tr\u00f6tthet.<\/p>\n\n\n\n<p class=\"p1\">Jag har f\u00e5tt en ny l\u00e4kare, men ist\u00e4llet f\u00f6r att k\u00e4nna mig trygg och lyssnad p\u00e5 k\u00e4nner jag mig ifr\u00e5gasatt. Som om min sm\u00e4rta inte riktigt tas p\u00e5 allvar. Som om det jag lever med varje dag g\u00e5r att l\u00f6sa med Alvedon. Ett l\u00e4kemedel som knappt hj\u00e4lper mot huvudv\u00e4rk, \u00e4n mindre mot kronisk sm\u00e4rta fr\u00e5n nerver, leder och muskler.<\/p>\n\n\n\n<p class=\"p1\">Det g\u00f6r ont \u2013 inte bara i kroppen, utan ocks\u00e5 inuti. F\u00f6r n\u00e4r man redan k\u00e4mpar med st\u00e4ndig v\u00e4rk beh\u00f6ver man inte ocks\u00e5 k\u00e4mpa f\u00f6r att bli trodd.<\/p>\n\n\n\n<p class=\"p1\">Jag f\u00f6rs\u00f6ker f\u00f6rst\u00e5, men har sv\u00e5rt att acceptera syns\u00e4ttet att jag \u201cska klara mig\u201d p\u00e5 n\u00e5got som uppenbart inte hj\u00e4lper. Min sm\u00e4rta \u00e4r kronisk. Den g\u00e5r inte att trolla bort. Den kr\u00e4ver kunskap, helhetssyn och en genomt\u00e4nkt sm\u00e4rtbehandlingsplan som faktiskt tar h\u00e4nsyn till mina diagnoser och mitt liv.<\/p>\n\n\n\n<p class=\"p1\">Det jag \u00f6nskar \u00e4r egentligen inte orimligt. Jag vill ha en l\u00e4kare som lyssnar. Som f\u00f6rs\u00f6ker f\u00f6rst\u00e5. Som ser skillnaden mellan tillf\u00e4llig v\u00e4rk och ett liv med kronisk sm\u00e4rta. N\u00e5gon som vill hj\u00e4lpa mig fram\u00e5t, inte bara bocka av ett bes\u00f6k.<\/p>\n\n\n\n<p class=\"p1\">Jag hoppas fortfarande. P\u00e5 att f\u00e5 byta l\u00e4kare. P\u00e5 att m\u00f6ta n\u00e5gon med r\u00e4tt kompetens och empati. P\u00e5 en ny sm\u00e4rtplan som g\u00f6r att jag kan leva \u2013 inte bara \u00f6verleva dag f\u00f6r dag.<\/p>\n\n\n\n<p class=\"p1\">Tills dess f\u00f6rs\u00f6ker jag h\u00e5lla ihop. Skriva av mig. Vara \u00e4rlig. F\u00f6r det h\u00e4r \u00e4r min verklighet. Och \u00e4ven om den inte alltid syns, s\u00e5 \u00e4r den alltid d\u00e4r.<\/p>\n","protected":false},"excerpt":{"rendered":"<p>Det \u00e4r sv\u00e5rt att s\u00e4tta ord p\u00e5 hur jag egentligen m\u00e5r just nu. Kanske f\u00f6r att jag s\u00e5 l\u00e4nge har varit tvungen att bita ihop. &hellip; <\/p>\n","protected":false},"author":1,"featured_media":920,"comment_status":"closed","ping_status":"open","sticky":false,"template":"","format":"standard","meta":{"footnotes":""},"categories":[3,12,14],"tags":[],"class_list":["post-921","post","type-post","status-publish","format-standard","has-post-thumbnail","hentry","category-01-personligt","category-ego","category-fibromyalgi"],"_links":{"self":[{"href":"https:\/\/ewelyn.se\/index.php?rest_route=\/wp\/v2\/posts\/921","targetHints":{"allow":["GET"]}}],"collection":[{"href":"https:\/\/ewelyn.se\/index.php?rest_route=\/wp\/v2\/posts"}],"about":[{"href":"https:\/\/ewelyn.se\/index.php?rest_route=\/wp\/v2\/types\/post"}],"author":[{"embeddable":true,"href":"https:\/\/ewelyn.se\/index.php?rest_route=\/wp\/v2\/users\/1"}],"replies":[{"embeddable":true,"href":"https:\/\/ewelyn.se\/index.php?rest_route=%2Fwp%2Fv2%2Fcomments&post=921"}],"version-history":[{"count":0,"href":"https:\/\/ewelyn.se\/index.php?rest_route=\/wp\/v2\/posts\/921\/revisions"}],"wp:featuredmedia":[{"embeddable":true,"href":"https:\/\/ewelyn.se\/index.php?rest_route=\/wp\/v2\/media\/920"}],"wp:attachment":[{"href":"https:\/\/ewelyn.se\/index.php?rest_route=%2Fwp%2Fv2%2Fmedia&parent=921"}],"wp:term":[{"taxonomy":"category","embeddable":true,"href":"https:\/\/ewelyn.se\/index.php?rest_route=%2Fwp%2Fv2%2Fcategories&post=921"},{"taxonomy":"post_tag","embeddable":true,"href":"https:\/\/ewelyn.se\/index.php?rest_route=%2Fwp%2Fv2%2Ftags&post=921"}],"curies":[{"name":"wp","href":"https:\/\/api.w.org\/{rel}","templated":true}]}}