{"id":778,"date":"2025-12-31T09:54:00","date_gmt":"2025-12-31T09:54:00","guid":{"rendered":"https:\/\/pinkjournal.se\/?p=778"},"modified":"2025-12-31T09:54:00","modified_gmt":"2025-12-31T09:54:00","slug":"min-nyarsresume","status":"publish","type":"post","link":"https:\/\/ewelyn.se\/?p=778","title":{"rendered":"Min ny\u00e5rsresum\u00e9"},"content":{"rendered":"\n<p>Det h\u00e4r \u00e5ret har gett mig s\u00e5 mycket \u2013 b\u00e5de gl\u00e4dje, styrka och personlig utveckling. Jag har vuxit i mig sj\u00e4lv och l\u00e4rt k\u00e4nna mig p\u00e5 ett helt nytt s\u00e4tt. Efter en l\u00e5ng utredningsprocess har jag f\u00e5tt diagnoserna autism och ADHD. Det har varit en resa, men ocks\u00e5 en l\u00e4ttnad. Jag har f\u00e5tt nya insikter om vem jag \u00e4r, och jag k\u00e4nner mig inte lika vilsen l\u00e4ngre.<\/p>\n\n\n\n<p>Jag har b\u00f6rjat p\u00e5 daglig verksamhet d\u00e4r jag har f\u00e5tt l\u00e4ra k\u00e4nna nya, fantastiska m\u00e4nniskor. D\u00e4r m\u00e5lar vi, umg\u00e5s och delar stunder som betyder mycket f\u00f6r mig \u2013 det \u00e4r verkligen h\u00e4rligt. Jag har ocks\u00e5 b\u00f6rjat jobba en dag i veckan p\u00e5 Mediahuset, d\u00e4r jag m\u00f6tt underbara nya ansikten och f\u00e5tt nya erfarenheter. Jag har f\u00e5tt upp ett gammalt intresse igen och det \u00e4r fr\u00e4mst fotografering, webbdesign och bakning. Det \u00e4r s\u00e5 himla roligt! \u00c4lskar min systemkamera och den ger mig s\u00e5 mycket gl\u00e4dje.<\/p>\n\n\n\n<p>En gammal dr\u00f6m har \u00e4ntligen blivit verklighet: jag har kommit ig\u00e5ng med min lilla r\u00e5ttuppf\u00f6dning. Det g\u00f6r mig s\u00e5 otroligt glad och stolt att f\u00e5 \u00e4gna mig \u00e5t n\u00e5got som legat mig varmt om hj\u00e4rtat s\u00e5 l\u00e4nge.<\/p>\n\n\n\n<p>I \u00e5r fyllde jag 40 \u00e5r och fick fira med en fantastisk fest tillsammans med mina n\u00e4ra och k\u00e4ra \u2013 ett minne jag b\u00e4r med mig med v\u00e4rme. Jag har ocks\u00e5 blivit tant Lucy till \u00e4lskade Ludde, min systersons lilla bebis. Att f\u00e5 fira honom under en vacker namnceremoni var otroligt fint och r\u00f6rde mig djupt.<\/p>\n\n\n\n<p>Samtidigt har \u00e5ret ocks\u00e5 haft sina tunga stunder. Jag har m\u00e5tt v\u00e4ldigt d\u00e5ligt till och fr\u00e5n med v\u00e4rkproblematik, feber och frossa som ofta har tagit h\u00e5rt p\u00e5 mig. Min mamma blev allvarligt sjuk och beh\u00f6vde f\u00e5 en pacemaker efter ett hj\u00e4rtstopp. Oron var enorm, och n\u00e4r hon insjuknade igen i h\u00f6stas var det en mycket sv\u00e5r tid \u2013 men idag m\u00e5r hon som tur \u00e4r mycket b\u00e4ttre.<\/p>\n\n\n\n<p>Ig\u00e5r f\u00f6rlorade vi min \u00e4lskade faster. Det g\u00f6r obeskrivligt ont, och sorgen \u00e4r tung. Vi har f\u00f6rlorat en k\u00e4r familjemedlem, och tomheten k\u00e4nns djupt i hj\u00e4rtat.<\/p>\n\n\n\n<p>Idag \u00e4r det ny\u00e5rsafton, och jag och Christoffer firar v\u00e5r sju\u00e5riga f\u00f6rlovningsdag. Vi ska \u00e4ta gott och bara vara tillsammans och ha en mysig kv\u00e4ll med gott och film.<\/p>\n\n\n\n<p>Tack 2025 \u2013 f\u00f6r allt du har l\u00e4rt mig, gett mig och tagit ifr\u00e5n mig.<br>Jag g\u00e5r vidare med hopp och \u00f6nskar mig ett fint och sn\u00e4llt 2026 <\/p>\n\n\n\n<p><\/p>\n","protected":false},"excerpt":{"rendered":"<p>Det h\u00e4r \u00e5ret har gett mig s\u00e5 mycket \u2013 b\u00e5de gl\u00e4dje, styrka och personlig utveckling. Jag har vuxit i mig sj\u00e4lv och l\u00e4rt k\u00e4nna mig &hellip; <\/p>\n","protected":false},"author":1,"featured_media":779,"comment_status":"closed","ping_status":"open","sticky":false,"template":"","format":"standard","meta":{"footnotes":""},"categories":[3,6,8,12,13,14,17,28],"tags":[],"class_list":["post-778","post","type-post","status-publish","format-standard","has-post-thumbnail","hentry","category-01-personligt","category-04-vardagligt","category-autism-adhd","category-ego","category-familjen","category-fibromyalgi","category-karleken-","category-snicksnack"],"_links":{"self":[{"href":"https:\/\/ewelyn.se\/index.php?rest_route=\/wp\/v2\/posts\/778","targetHints":{"allow":["GET"]}}],"collection":[{"href":"https:\/\/ewelyn.se\/index.php?rest_route=\/wp\/v2\/posts"}],"about":[{"href":"https:\/\/ewelyn.se\/index.php?rest_route=\/wp\/v2\/types\/post"}],"author":[{"embeddable":true,"href":"https:\/\/ewelyn.se\/index.php?rest_route=\/wp\/v2\/users\/1"}],"replies":[{"embeddable":true,"href":"https:\/\/ewelyn.se\/index.php?rest_route=%2Fwp%2Fv2%2Fcomments&post=778"}],"version-history":[{"count":0,"href":"https:\/\/ewelyn.se\/index.php?rest_route=\/wp\/v2\/posts\/778\/revisions"}],"wp:featuredmedia":[{"embeddable":true,"href":"https:\/\/ewelyn.se\/index.php?rest_route=\/wp\/v2\/media\/779"}],"wp:attachment":[{"href":"https:\/\/ewelyn.se\/index.php?rest_route=%2Fwp%2Fv2%2Fmedia&parent=778"}],"wp:term":[{"taxonomy":"category","embeddable":true,"href":"https:\/\/ewelyn.se\/index.php?rest_route=%2Fwp%2Fv2%2Fcategories&post=778"},{"taxonomy":"post_tag","embeddable":true,"href":"https:\/\/ewelyn.se\/index.php?rest_route=%2Fwp%2Fv2%2Ftags&post=778"}],"curies":[{"name":"wp","href":"https:\/\/api.w.org\/{rel}","templated":true}]}}