{"id":769,"date":"2025-12-30T23:49:19","date_gmt":"2025-12-30T23:49:19","guid":{"rendered":"https:\/\/pinkjournal.se\/?p=769"},"modified":"2025-12-30T23:49:19","modified_gmt":"2025-12-30T23:49:19","slug":"for-alltid-i-hjartat","status":"publish","type":"post","link":"https:\/\/ewelyn.se\/?p=769","title":{"rendered":"F\u00f6r alltid i hj\u00e4rtat"},"content":{"rendered":"\n<p>Idag fick himlen en \u00e4ngel. Jag vet inte vad mer jag kan s\u00e4ga. Min \u00e4lskade faster har idag somnat in. Hon var en s\u00e5n underbar person och hon kommer vara djupt saknad av oss alla. Jag \u00e4r s\u00e5 glad att jag fick tr\u00e4ffa henne f\u00f6r n\u00e5gra veckor sedan. Min glada underbara faster. Alla fina minnen kommer jag b\u00e4ra varmt om hj\u00e4rtat. Min faster fick hj\u00e4rtinfarkt p\u00e5 julafton och blev bara s\u00e4mre och s\u00e4mre. <\/p>\n\n\n\n<p>Idag var jag p\u00e5 hamnen och m\u00e5lade med tjejerna. Det var riktigt mysigt. Jag m\u00e5dde inte s\u00e5 bra s\u00e5klart, men ville inte missa en sekund. Det var tungt att \u00e5ka dit med vetskapen att faster somnat in tre timmar tidigare. Jag \u00e4r s\u00e5 tacksam f\u00f6r alla fina m\u00e4nniskor jag har runt omkring mig. <\/p>\n\n\n\n<p>Jag har m\u00e5tt j\u00e4tted\u00e5ligt n\u00e5gra dagar nu med feber och frossa. N\u00e4r jag kom hem hade jag f\u00e5tt feber igen och tog feberneds\u00e4ttande och somnade i soffan och sov i n\u00e5gra timmar. Vaknade med feber igen. Nu m\u00e5r jag mycket b\u00e4ttre och vi har spelar Uno och bakat, jag och Christoffer. Det har varit super mysigt!<\/p>\n","protected":false},"excerpt":{"rendered":"<p>Idag fick himlen en \u00e4ngel. Jag vet inte vad mer jag kan s\u00e4ga. Min \u00e4lskade faster har idag somnat in. Hon var en s\u00e5n underbar &hellip; <\/p>\n","protected":false},"author":1,"featured_media":776,"comment_status":"closed","ping_status":"open","sticky":false,"template":"","format":"standard","meta":{"footnotes":""},"categories":[2,3,6,12,13,14,28],"tags":[],"class_list":["post-769","post","type-post","status-publish","format-standard","has-post-thumbnail","hentry","category-2","category-01-personligt","category-04-vardagligt","category-ego","category-familjen","category-fibromyalgi","category-snicksnack"],"_links":{"self":[{"href":"https:\/\/ewelyn.se\/index.php?rest_route=\/wp\/v2\/posts\/769","targetHints":{"allow":["GET"]}}],"collection":[{"href":"https:\/\/ewelyn.se\/index.php?rest_route=\/wp\/v2\/posts"}],"about":[{"href":"https:\/\/ewelyn.se\/index.php?rest_route=\/wp\/v2\/types\/post"}],"author":[{"embeddable":true,"href":"https:\/\/ewelyn.se\/index.php?rest_route=\/wp\/v2\/users\/1"}],"replies":[{"embeddable":true,"href":"https:\/\/ewelyn.se\/index.php?rest_route=%2Fwp%2Fv2%2Fcomments&post=769"}],"version-history":[{"count":0,"href":"https:\/\/ewelyn.se\/index.php?rest_route=\/wp\/v2\/posts\/769\/revisions"}],"wp:featuredmedia":[{"embeddable":true,"href":"https:\/\/ewelyn.se\/index.php?rest_route=\/wp\/v2\/media\/776"}],"wp:attachment":[{"href":"https:\/\/ewelyn.se\/index.php?rest_route=%2Fwp%2Fv2%2Fmedia&parent=769"}],"wp:term":[{"taxonomy":"category","embeddable":true,"href":"https:\/\/ewelyn.se\/index.php?rest_route=%2Fwp%2Fv2%2Fcategories&post=769"},{"taxonomy":"post_tag","embeddable":true,"href":"https:\/\/ewelyn.se\/index.php?rest_route=%2Fwp%2Fv2%2Ftags&post=769"}],"curies":[{"name":"wp","href":"https:\/\/api.w.org\/{rel}","templated":true}]}}