{"id":716,"date":"2025-12-26T18:41:02","date_gmt":"2025-12-26T18:41:02","guid":{"rendered":"https:\/\/pinkjournal.se\/?p=716"},"modified":"2025-12-26T18:41:02","modified_gmt":"2025-12-26T18:41:02","slug":"sjukdomar-under-jul-hor-till","status":"publish","type":"post","link":"https:\/\/ewelyn.se\/?p=716","title":{"rendered":"Sjukdomar under jul h\u00f6r till"},"content":{"rendered":"\n<p><strong>Hej bloggen!<\/strong> Mitt m\u00e5ende har varit till och fr\u00e5n senaste tiden, idag har jag varit helt s\u00e4ngliggande med v\u00e4rk, feber och frossa. V\u00e4ldigt jobbigt, sen huvudv\u00e4rk p\u00e5 k\u00f6pet. Woho! Idag skulle jag egentligen p\u00e5 en mindre klasstr\u00e4ff men det sket sig.<\/p>\n\n\n\n<p>Ig\u00e5r \u00e5kte Luna hem igen och oj vad tomt det blev h\u00e4r hemma. Saknar den \u00e4lskade ungen s\u00e5 himla mycket och l\u00e4ngtar tills hon kommer hem igen och spenderar n\u00e5gra dagar hos mig efter ny\u00e5r. Dessa fem dagarna hon har varit hos mig har varit s\u00e5 himla roliga och mysiga. Ungen f\u00f6rgyller min dag! Hon \u00e4r lite magisk p\u00e5 det s\u00e4ttet, men det beror nog p\u00e5 hennes vackra namn, Luna! <\/p>\n\n\n\n<p>Nu ikv\u00e4ll ska jag bara mysa och sm\u00e5pilla med bloggen f\u00f6r att jag tycker det \u00e4r s\u00e5 himla roligt. Sl\u00e4nger upp en bild p\u00e5 julkortet jag gjorde till min faster som just nu ligger p\u00e5 sjukhuset sedan julafton och jag hoppas hon blir b\u00e4ttre snabbt \u2661<\/p>\n","protected":false},"excerpt":{"rendered":"<p>Hej bloggen! Mitt m\u00e5ende har varit till och fr\u00e5n senaste tiden, idag har jag varit helt s\u00e4ngliggande med v\u00e4rk, feber och frossa. V\u00e4ldigt jobbigt, sen &hellip; <\/p>\n","protected":false},"author":1,"featured_media":690,"comment_status":"closed","ping_status":"open","sticky":false,"template":"","format":"standard","meta":{"footnotes":""},"categories":[3,4,6,12,37,23,28,34],"tags":[],"class_list":["post-716","post","type-post","status-publish","format-standard","has-post-thumbnail","hentry","category-01-personligt","category-02-fotografier","category-04-vardagligt","category-ego","category-iphone-16-plus","category-ovrigt","category-snicksnack","category-utrustning"],"_links":{"self":[{"href":"https:\/\/ewelyn.se\/index.php?rest_route=\/wp\/v2\/posts\/716","targetHints":{"allow":["GET"]}}],"collection":[{"href":"https:\/\/ewelyn.se\/index.php?rest_route=\/wp\/v2\/posts"}],"about":[{"href":"https:\/\/ewelyn.se\/index.php?rest_route=\/wp\/v2\/types\/post"}],"author":[{"embeddable":true,"href":"https:\/\/ewelyn.se\/index.php?rest_route=\/wp\/v2\/users\/1"}],"replies":[{"embeddable":true,"href":"https:\/\/ewelyn.se\/index.php?rest_route=%2Fwp%2Fv2%2Fcomments&post=716"}],"version-history":[{"count":0,"href":"https:\/\/ewelyn.se\/index.php?rest_route=\/wp\/v2\/posts\/716\/revisions"}],"wp:featuredmedia":[{"embeddable":true,"href":"https:\/\/ewelyn.se\/index.php?rest_route=\/wp\/v2\/media\/690"}],"wp:attachment":[{"href":"https:\/\/ewelyn.se\/index.php?rest_route=%2Fwp%2Fv2%2Fmedia&parent=716"}],"wp:term":[{"taxonomy":"category","embeddable":true,"href":"https:\/\/ewelyn.se\/index.php?rest_route=%2Fwp%2Fv2%2Fcategories&post=716"},{"taxonomy":"post_tag","embeddable":true,"href":"https:\/\/ewelyn.se\/index.php?rest_route=%2Fwp%2Fv2%2Ftags&post=716"}],"curies":[{"name":"wp","href":"https:\/\/api.w.org\/{rel}","templated":true}]}}