{"id":7,"date":"2025-06-21T16:17:55","date_gmt":"2025-06-21T16:17:55","guid":{"rendered":"http:\/\/pinkjournal.se\/?p=7"},"modified":"2025-06-21T16:17:55","modified_gmt":"2025-06-21T16:17:55","slug":"ny-blogg-och-nya-mojligheter","status":"publish","type":"post","link":"https:\/\/ewelyn.se\/?p=7","title":{"rendered":"Ny blogg och nya m\u00f6jligheter"},"content":{"rendered":"\n<p><em>Finaste Tyra &amp; Polly som fastnade p\u00e5 bild!<\/em><\/p>\n\n\n\n<p><strong>V\u00e4lkommen till min nya blogg! <\/strong>Mitt namn \u00e4r Lucy och jag har bloggat i stort sett hela livet &#8211; typ. Jag \u00e4r nyss fyllda 40 \u00e5r och jag \u00e4r mamma till tre ton\u00e5rsd\u00f6ttrar. Jag \u00e4lskar djur och jag har \u00e4ven en liten r\u00e5ttuppf\u00f6dning som heter M\u00e5nsvansens R\u00e5ttor<em> (vi finns p\u00e5 facebook).<\/em> Jag har \u00e4ven tv\u00e5 Franska Bulldogs som heter Polly &amp; Tyra och en Afrikansk j\u00e4ttesn\u00e4cka som heter Kerstin. Kerstin \u00e4r min egen f\u00f6delsedagspresent. <\/p>\n\n\n\n<p>Jag skapade denna bloggen f\u00f6r att samla mina tankar, spara minnen, publicera mina fotografier och skriva av mig som sagt. Att skriva \u00e4r nyttigt f\u00f6r mig och jag tycker det \u00e4r s\u00e5 sk\u00f6nt att bara kunna ventilera. Nu vet jag inte hur m\u00e5nga som kommer l\u00e4sa min blogg, men det g\u00f6r absolut ingenting f\u00f6r att bloggen \u00e4r f\u00f6r mig. Jag \u00e4r tidigare hobbyfotograf och vill b\u00f6rja l\u00e4ra mig fota igen, tyv\u00e4rr s\u00e5 har jag ingen systemkamera i mina \u00e4gor idag s\u00e5 jag kommer fotografera med min Iphone 14 PRO och en Canon Powershot<em> (gl\u00f6mt modell).<\/em> S\u00e5 att skapa denna bloggen var liksom en win-win situation f\u00f6r mig. Kalas!<\/p>\n","protected":false},"excerpt":{"rendered":"<p>Finaste Tyra &amp; Polly som fastnade p\u00e5 bild! V\u00e4lkommen till min nya blogg! Mitt namn \u00e4r Lucy och jag har bloggat i stort sett hela &hellip; <\/p>\n","protected":false},"author":1,"featured_media":8,"comment_status":"open","ping_status":"open","sticky":false,"template":"","format":"standard","meta":{"footnotes":""},"categories":[3,4,11,12,16,24],"tags":[],"class_list":["post-7","post","type-post","status-publish","format-standard","has-post-thumbnail","hentry","category-01-personligt","category-02-fotografier","category-djuren","category-ego","category-hundarna","category-pinkjournal"],"_links":{"self":[{"href":"https:\/\/ewelyn.se\/index.php?rest_route=\/wp\/v2\/posts\/7","targetHints":{"allow":["GET"]}}],"collection":[{"href":"https:\/\/ewelyn.se\/index.php?rest_route=\/wp\/v2\/posts"}],"about":[{"href":"https:\/\/ewelyn.se\/index.php?rest_route=\/wp\/v2\/types\/post"}],"author":[{"embeddable":true,"href":"https:\/\/ewelyn.se\/index.php?rest_route=\/wp\/v2\/users\/1"}],"replies":[{"embeddable":true,"href":"https:\/\/ewelyn.se\/index.php?rest_route=%2Fwp%2Fv2%2Fcomments&post=7"}],"version-history":[{"count":0,"href":"https:\/\/ewelyn.se\/index.php?rest_route=\/wp\/v2\/posts\/7\/revisions"}],"wp:featuredmedia":[{"embeddable":true,"href":"https:\/\/ewelyn.se\/index.php?rest_route=\/wp\/v2\/media\/8"}],"wp:attachment":[{"href":"https:\/\/ewelyn.se\/index.php?rest_route=%2Fwp%2Fv2%2Fmedia&parent=7"}],"wp:term":[{"taxonomy":"category","embeddable":true,"href":"https:\/\/ewelyn.se\/index.php?rest_route=%2Fwp%2Fv2%2Fcategories&post=7"},{"taxonomy":"post_tag","embeddable":true,"href":"https:\/\/ewelyn.se\/index.php?rest_route=%2Fwp%2Fv2%2Ftags&post=7"}],"curies":[{"name":"wp","href":"https:\/\/api.w.org\/{rel}","templated":true}]}}