{"id":691,"date":"2025-12-18T12:51:32","date_gmt":"2025-12-18T12:51:32","guid":{"rendered":"https:\/\/pinkjournal.se\/?p=691"},"modified":"2025-12-18T12:51:32","modified_gmt":"2025-12-18T12:51:32","slug":"gjort-sota-julkort","status":"publish","type":"post","link":"https:\/\/ewelyn.se\/?p=691","title":{"rendered":"Gjort s\u00f6ta julkort"},"content":{"rendered":"\n<p><strong>Hej!<\/strong> Idag k\u00f6r jag en l\u00e4ngre arbetsdag, jag har ju f\u00e5tt det f\u00f6rl\u00e4ngt och det k\u00e4nns roligt. Stor omst\u00e4llning, lite jobbigt men jag tror att det beror p\u00e5 att dessa andra dagar denna veckan var v\u00e4ldigt intensiva. Kortslutning i hj\u00e4rnan liksom. Fick s\u00e5n hemsk huvudv\u00e4rk efter lunchen idag samt v\u00e4ldigt mycket \u00e5ngest. Det har varit mer ljud h\u00e4r \u00e4n vanligt, fr\u00e4mst i matsalen. Huvudv\u00e4rken har sl\u00e4ppt nu och det \u00e4r s\u00e5 lugnt h\u00e4r i eftermiddag. K\u00e4nns lite ovant n\u00e4r det blir f\u00f6r tyst ocks\u00e5.<\/p>\n\n\n\n<p>Jag har j\u00e4tteont i kroppen idag. K\u00e4nns jobbigt att beh\u00f6va k\u00e4nna s\u00e5. Idag har jag iallafall gjort klart fotoboken p\u00e5 hundarna till mamma och pappa i julklapp. Sen har jag gjort ett julkort till min faster och tv\u00e5 digitala julkort, ett fr\u00e5n mig och \u00e4lsklingen samt ett fr\u00e5n mamma och pappa. De blev j\u00e4ttebra!<\/p>\n\n\n\n<p><em>Bild ovan \u00e4r p\u00e5 julkortet fr\u00e5n mig och Christoffer \u2661<\/em><\/p>\n","protected":false},"excerpt":{"rendered":"<p>Hej! Idag k\u00f6r jag en l\u00e4ngre arbetsdag, jag har ju f\u00e5tt det f\u00f6rl\u00e4ngt och det k\u00e4nns roligt. Stor omst\u00e4llning, lite jobbigt men jag tror att &hellip; <\/p>\n","protected":false},"author":1,"featured_media":693,"comment_status":"closed","ping_status":"open","sticky":false,"template":"","format":"standard","meta":{"footnotes":""},"categories":[3,6,12,13,17,28],"tags":[],"class_list":["post-691","post","type-post","status-publish","format-standard","has-post-thumbnail","hentry","category-01-personligt","category-04-vardagligt","category-ego","category-familjen","category-karleken-","category-snicksnack"],"_links":{"self":[{"href":"https:\/\/ewelyn.se\/index.php?rest_route=\/wp\/v2\/posts\/691","targetHints":{"allow":["GET"]}}],"collection":[{"href":"https:\/\/ewelyn.se\/index.php?rest_route=\/wp\/v2\/posts"}],"about":[{"href":"https:\/\/ewelyn.se\/index.php?rest_route=\/wp\/v2\/types\/post"}],"author":[{"embeddable":true,"href":"https:\/\/ewelyn.se\/index.php?rest_route=\/wp\/v2\/users\/1"}],"replies":[{"embeddable":true,"href":"https:\/\/ewelyn.se\/index.php?rest_route=%2Fwp%2Fv2%2Fcomments&post=691"}],"version-history":[{"count":0,"href":"https:\/\/ewelyn.se\/index.php?rest_route=\/wp\/v2\/posts\/691\/revisions"}],"wp:featuredmedia":[{"embeddable":true,"href":"https:\/\/ewelyn.se\/index.php?rest_route=\/wp\/v2\/media\/693"}],"wp:attachment":[{"href":"https:\/\/ewelyn.se\/index.php?rest_route=%2Fwp%2Fv2%2Fmedia&parent=691"}],"wp:term":[{"taxonomy":"category","embeddable":true,"href":"https:\/\/ewelyn.se\/index.php?rest_route=%2Fwp%2Fv2%2Fcategories&post=691"},{"taxonomy":"post_tag","embeddable":true,"href":"https:\/\/ewelyn.se\/index.php?rest_route=%2Fwp%2Fv2%2Ftags&post=691"}],"curies":[{"name":"wp","href":"https:\/\/api.w.org\/{rel}","templated":true}]}}