{"id":674,"date":"2025-12-15T17:26:10","date_gmt":"2025-12-15T17:26:10","guid":{"rendered":"https:\/\/pinkjournal.se\/?p=674"},"modified":"2025-12-15T17:26:10","modified_gmt":"2025-12-15T17:26:10","slug":"efterlangtad-vecka","status":"publish","type":"post","link":"https:\/\/ewelyn.se\/?p=674","title":{"rendered":"Efterl\u00e4ngtad vecka"},"content":{"rendered":"\n<p>Idag har jag inte haft mycket p\u00e5 listan, fast jag tycker listor \u00e4r tr\u00e5kiga s\u00e5 jag hade faktiskt ingen. Imorgon b\u00f6rjar den riktiga veckan f\u00f6r mig. Imorgon ska jag iv\u00e4g till DV, tr\u00e4ffa folk igen, fika. Sen ska jag iv\u00e4g och klippa klorna p\u00e5 hundarna, h\u00e4mta paket, handla och h\u00e4mta ut mediciner. Det blir ganska mycket faktiskt, men det kommer s\u00e4kert g\u00e5 bra!<\/p>\n\n\n\n<p>P\u00e5 onsdag blir det julbord och det ska bli roligt! P\u00e5 torsdag k\u00f6r jag jobb 9-15 och det ser jag fram emot. Ska g\u00f6ra klart min fotobok n\u00e4mligen. I helgen b\u00f6rjar julledigheten f\u00f6r oss. Ska bli s\u00e5 otroligt mysigt att ha alla samlade, min gubbe, ungarna, familjen! Fan allts\u00e5, jag l\u00e4ngtar till imorgon. Jag beh\u00f6ver tr\u00e4ffa M\u00c4NNISKOR igen!<\/p>\n\n\n\n<p>Jag tror det kommer bli nyttigt f\u00f6r mig att \u00f6ka jobbtiderna p\u00e5 torsdagarna. Jag var s\u00e5 nerv\u00f6s f\u00f6rst men jag har ju sv\u00e5rt f\u00f6r nya saker, men nu k\u00e4nner jag mig som en i g\u00e4nget och jag trivs s\u00e5 himla bra d\u00e4r. Det kommer bli lite ledsamt, f\u00f6r jag b\u00f6rjar jobba igen den 8:e januari. Jag beh\u00f6ver mina rutiner, men under julen kommer jag ju ha saker att g\u00f6ra s\u00e5 det \u00e4r ju sk\u00f6nt.<\/p>\n","protected":false},"excerpt":{"rendered":"<p>Idag har jag inte haft mycket p\u00e5 listan, fast jag tycker listor \u00e4r tr\u00e5kiga s\u00e5 jag hade faktiskt ingen. Imorgon b\u00f6rjar den riktiga veckan f\u00f6r &hellip; <\/p>\n","protected":false},"author":1,"featured_media":675,"comment_status":"closed","ping_status":"open","sticky":false,"template":"","format":"standard","meta":{"footnotes":""},"categories":[3,4,6,12,15,36,23,28,34],"tags":[],"class_list":["post-674","post","type-post","status-publish","format-standard","has-post-thumbnail","hentry","category-01-personligt","category-02-fotografier","category-04-vardagligt","category-ego","category-hemma-hos","category-iphone-14-pro","category-ovrigt","category-snicksnack","category-utrustning"],"_links":{"self":[{"href":"https:\/\/ewelyn.se\/index.php?rest_route=\/wp\/v2\/posts\/674","targetHints":{"allow":["GET"]}}],"collection":[{"href":"https:\/\/ewelyn.se\/index.php?rest_route=\/wp\/v2\/posts"}],"about":[{"href":"https:\/\/ewelyn.se\/index.php?rest_route=\/wp\/v2\/types\/post"}],"author":[{"embeddable":true,"href":"https:\/\/ewelyn.se\/index.php?rest_route=\/wp\/v2\/users\/1"}],"replies":[{"embeddable":true,"href":"https:\/\/ewelyn.se\/index.php?rest_route=%2Fwp%2Fv2%2Fcomments&post=674"}],"version-history":[{"count":0,"href":"https:\/\/ewelyn.se\/index.php?rest_route=\/wp\/v2\/posts\/674\/revisions"}],"wp:featuredmedia":[{"embeddable":true,"href":"https:\/\/ewelyn.se\/index.php?rest_route=\/wp\/v2\/media\/675"}],"wp:attachment":[{"href":"https:\/\/ewelyn.se\/index.php?rest_route=%2Fwp%2Fv2%2Fmedia&parent=674"}],"wp:term":[{"taxonomy":"category","embeddable":true,"href":"https:\/\/ewelyn.se\/index.php?rest_route=%2Fwp%2Fv2%2Fcategories&post=674"},{"taxonomy":"post_tag","embeddable":true,"href":"https:\/\/ewelyn.se\/index.php?rest_route=%2Fwp%2Fv2%2Ftags&post=674"}],"curies":[{"name":"wp","href":"https:\/\/api.w.org\/{rel}","templated":true}]}}