{"id":667,"date":"2025-12-15T13:09:48","date_gmt":"2025-12-15T13:09:48","guid":{"rendered":"https:\/\/pinkjournal.se\/?p=667"},"modified":"2025-12-15T13:09:48","modified_gmt":"2025-12-15T13:09:48","slug":"nar-tjejerna-var-sma","status":"publish","type":"post","link":"https:\/\/ewelyn.se\/?p=667","title":{"rendered":"N\u00e4r tjejerna var sm\u00e5"},"content":{"rendered":"\n<p><strong>Hej!<\/strong> Jag beh\u00f6vde lite tidsf\u00f6rdriv s\u00e5 jag g\u00e5r igenom gamla bilder och hittade denna p\u00e5 mina tjejer fr\u00e5n <a href=\"https:\/\/ewelyn.se\/2025\/07\/17\/sommarkullen-28-dagar\/\" data-type=\"link\" data-id=\"https:\/\/pinkjournal.se\/2025\/07\/17\/sommarkullen-28-dagar\/\">Sommarkullen <\/a>och lilla Vera som \u00e4r den ljusaste. Bilden \u00e4r inte den b\u00e4sta, men de \u00e4r fortfarande s\u00e5 fruktanv\u00e4rt s\u00f6ta. <\/p>\n\n\n\n<p>Jag vet inte n\u00e4r n\u00e4sta kull blir av. Jag hoppas p\u00e5 en ny kull snart f\u00f6r nu i slutet p\u00e5 denna m\u00e5naden kan jag para Dora och Vera. Men jag har inte t\u00e4nkt mer p\u00e5 det, jag tror jag vill anv\u00e4nda Kanel till Dora och Vilde till Vera. Det kan nog bli en fin mix. F\u00f6r\u00e4ldrarna \u00e4r s\u00e5 himla sn\u00e4lla, fina och friska ocks\u00e5. <\/p>\n","protected":false},"excerpt":{"rendered":"<p>Hej! Jag beh\u00f6vde lite tidsf\u00f6rdriv s\u00e5 jag g\u00e5r igenom gamla bilder och hittade denna p\u00e5 mina tjejer fr\u00e5n Sommarkullen och lilla Vera som \u00e4r den &hellip; <\/p>\n","protected":false},"author":1,"featured_media":668,"comment_status":"closed","ping_status":"open","sticky":false,"template":"","format":"standard","meta":{"footnotes":""},"categories":[7,26,29],"tags":[],"class_list":["post-667","post","type-post","status-publish","format-standard","has-post-thumbnail","hentry","category-05-svansbarnen","category-rattorna","category-sommarkullen"],"_links":{"self":[{"href":"https:\/\/ewelyn.se\/index.php?rest_route=\/wp\/v2\/posts\/667","targetHints":{"allow":["GET"]}}],"collection":[{"href":"https:\/\/ewelyn.se\/index.php?rest_route=\/wp\/v2\/posts"}],"about":[{"href":"https:\/\/ewelyn.se\/index.php?rest_route=\/wp\/v2\/types\/post"}],"author":[{"embeddable":true,"href":"https:\/\/ewelyn.se\/index.php?rest_route=\/wp\/v2\/users\/1"}],"replies":[{"embeddable":true,"href":"https:\/\/ewelyn.se\/index.php?rest_route=%2Fwp%2Fv2%2Fcomments&post=667"}],"version-history":[{"count":0,"href":"https:\/\/ewelyn.se\/index.php?rest_route=\/wp\/v2\/posts\/667\/revisions"}],"wp:featuredmedia":[{"embeddable":true,"href":"https:\/\/ewelyn.se\/index.php?rest_route=\/wp\/v2\/media\/668"}],"wp:attachment":[{"href":"https:\/\/ewelyn.se\/index.php?rest_route=%2Fwp%2Fv2%2Fmedia&parent=667"}],"wp:term":[{"taxonomy":"category","embeddable":true,"href":"https:\/\/ewelyn.se\/index.php?rest_route=%2Fwp%2Fv2%2Fcategories&post=667"},{"taxonomy":"post_tag","embeddable":true,"href":"https:\/\/ewelyn.se\/index.php?rest_route=%2Fwp%2Fv2%2Ftags&post=667"}],"curies":[{"name":"wp","href":"https:\/\/api.w.org\/{rel}","templated":true}]}}