{"id":660,"date":"2025-12-15T11:50:58","date_gmt":"2025-12-15T11:50:58","guid":{"rendered":"https:\/\/pinkjournal.se\/?p=660"},"modified":"2025-12-15T11:50:58","modified_gmt":"2025-12-15T11:50:58","slug":"vill-kanna-mig-fin-igen","status":"publish","type":"post","link":"https:\/\/ewelyn.se\/?p=660","title":{"rendered":"Vill k\u00e4nna mig fin igen"},"content":{"rendered":"\n<p>Hej! Jag minns inte om jag skrev om mitt ansikte ig\u00e5r, men det var riktigt hemskt och gjorde s\u00e5 ont. Jag kunde knappt le f\u00f6r det strama \u00e5t och var s\u00e5 sm\u00e4rtsamt. Jag har p\u00e5 senaste tiden testat exemsalva, kortison och Canoderm. Ig\u00e5r kletade jag p\u00e5 Idominsalva som pappa ville att jag skulle g\u00f6ra. I morse n\u00e4r jag vaknade var det s\u00e5 sk\u00f6nt f\u00f6r det onda var i princip helt borta och s\u00e5rskorporna \u00e4r borta och huden l\u00e4ker. Jag \u00e4r fortfarande j\u00e4ttetorr p\u00e5 hakan s\u00e5 jag hoppas det ocks\u00e5 ska bli b\u00e4ttre.<\/p>\n\n\n\n<p>Idag vill jag g\u00f6ra n\u00e5got roligt men kravl\u00f6st. Jag kanske ska forts\u00e4tta l\u00e4sa p\u00e5 min bok. Finner det avslappnande nu n\u00e4r jag b\u00f6rjat med min ADHD medicin.<\/p>\n\n\n\n<p><em>En sjukt gammal bild p\u00e5 mig. Jag k\u00e4nde mig s\u00e5 fin d\u00e5!<\/em><\/p>\n","protected":false},"excerpt":{"rendered":"<p>Hej! Jag minns inte om jag skrev om mitt ansikte ig\u00e5r, men det var riktigt hemskt och gjorde s\u00e5 ont. Jag kunde knappt le f\u00f6r &hellip; <\/p>\n","protected":false},"author":1,"featured_media":661,"comment_status":"closed","ping_status":"open","sticky":false,"template":"","format":"standard","meta":{"footnotes":""},"categories":[3,4,6,8,12,36,25,28,34],"tags":[],"class_list":["post-660","post","type-post","status-publish","format-standard","has-post-thumbnail","hentry","category-01-personligt","category-02-fotografier","category-04-vardagligt","category-autism-adhd","category-ego","category-iphone-14-pro","category-portratt","category-snicksnack","category-utrustning"],"_links":{"self":[{"href":"https:\/\/ewelyn.se\/index.php?rest_route=\/wp\/v2\/posts\/660","targetHints":{"allow":["GET"]}}],"collection":[{"href":"https:\/\/ewelyn.se\/index.php?rest_route=\/wp\/v2\/posts"}],"about":[{"href":"https:\/\/ewelyn.se\/index.php?rest_route=\/wp\/v2\/types\/post"}],"author":[{"embeddable":true,"href":"https:\/\/ewelyn.se\/index.php?rest_route=\/wp\/v2\/users\/1"}],"replies":[{"embeddable":true,"href":"https:\/\/ewelyn.se\/index.php?rest_route=%2Fwp%2Fv2%2Fcomments&post=660"}],"version-history":[{"count":0,"href":"https:\/\/ewelyn.se\/index.php?rest_route=\/wp\/v2\/posts\/660\/revisions"}],"wp:featuredmedia":[{"embeddable":true,"href":"https:\/\/ewelyn.se\/index.php?rest_route=\/wp\/v2\/media\/661"}],"wp:attachment":[{"href":"https:\/\/ewelyn.se\/index.php?rest_route=%2Fwp%2Fv2%2Fmedia&parent=660"}],"wp:term":[{"taxonomy":"category","embeddable":true,"href":"https:\/\/ewelyn.se\/index.php?rest_route=%2Fwp%2Fv2%2Fcategories&post=660"},{"taxonomy":"post_tag","embeddable":true,"href":"https:\/\/ewelyn.se\/index.php?rest_route=%2Fwp%2Fv2%2Ftags&post=660"}],"curies":[{"name":"wp","href":"https:\/\/api.w.org\/{rel}","templated":true}]}}