{"id":656,"date":"2025-12-15T11:38:23","date_gmt":"2025-12-15T11:38:23","guid":{"rendered":"https:\/\/pinkjournal.se\/?p=656"},"modified":"2025-12-15T11:38:23","modified_gmt":"2025-12-15T11:38:23","slug":"mar-inte-sa-bra-idag-heller","status":"publish","type":"post","link":"https:\/\/ewelyn.se\/?p=656","title":{"rendered":"M\u00e5r inte s\u00e5 bra idag heller"},"content":{"rendered":"\n<p>Hej! K\u00e4nslan av ensamheten \u00e4r p\u00e5taglig idag med. Jag fick svar av v\u00e5rden idag och jag ska ta upp om \u00f6nskad kuratorkontakt n\u00e4r jag har mitt digitala l\u00e4karbes\u00f6k med min l\u00e4kare om en vecka. Jag beh\u00f6ver n\u00e5got att g\u00f6ra om dagarna. Denna veckan ser jag fram emot, imorgon ska jag till min dagliga verksamhet och m\u00e5la, ska bli roligt att tr\u00e4ffa m\u00e4nniskor igen. P\u00e5 onsdag blir det julbord med hela g\u00e4nget, vi kommer nog bli m\u00e5nga. Sug efter julmat finns inte men det g\u00f6r inget. Vill bara tr\u00e4ffa m\u00e4nniskor! <\/p>\n\n\n\n<p>P\u00e5 torsdag \u00e4r det jobb 9-15 och det l\u00e4ngtar jag verkligen efter. Jag undrar om jag kommer orka baka p\u00e5 onsdag efter julbordet, risken \u00e4r stor att jag kommer komma hem helt d\u00f6d och d\u00e4cka i soffan som jag brukar g\u00f6ra. Det \u00e4r psykiskt utmattande att tr\u00e4ffa folk f\u00f6r mig men jag vill ju! Det \u00e4r liksom en fajt jag f\u00e5r ta f\u00f6r att inte bara sitta hemma och stirra p\u00e5 taket.<\/p>\n\n\n\n<p>P\u00e5 fredag kommer \u00e4ntligen \u00e4lsklingen efter 2 veckor ifr\u00e5n varandra. Eller har det g\u00e5tt l\u00e4ngre tid? Jag har ingen tidsuppfattning ibland. P\u00e5 s\u00f6ndag kommer min minsta loppa Luna och vi ska ha s\u00e5 roligt tillsammans. Blir  mycket filmmys, spel och bonding. Underbart! <\/p>\n\n\n\n<p><\/p>\n","protected":false},"excerpt":{"rendered":"<p>Hej! K\u00e4nslan av ensamheten \u00e4r p\u00e5taglig idag med. Jag fick svar av v\u00e5rden idag och jag ska ta upp om \u00f6nskad kuratorkontakt n\u00e4r jag har &hellip; <\/p>\n","protected":false},"author":1,"featured_media":657,"comment_status":"closed","ping_status":"open","sticky":false,"template":"","format":"standard","meta":{"footnotes":""},"categories":[3,4,12,13,36,17,25,34],"tags":[],"class_list":["post-656","post","type-post","status-publish","format-standard","has-post-thumbnail","hentry","category-01-personligt","category-02-fotografier","category-ego","category-familjen","category-iphone-14-pro","category-karleken-","category-portratt","category-utrustning"],"_links":{"self":[{"href":"https:\/\/ewelyn.se\/index.php?rest_route=\/wp\/v2\/posts\/656","targetHints":{"allow":["GET"]}}],"collection":[{"href":"https:\/\/ewelyn.se\/index.php?rest_route=\/wp\/v2\/posts"}],"about":[{"href":"https:\/\/ewelyn.se\/index.php?rest_route=\/wp\/v2\/types\/post"}],"author":[{"embeddable":true,"href":"https:\/\/ewelyn.se\/index.php?rest_route=\/wp\/v2\/users\/1"}],"replies":[{"embeddable":true,"href":"https:\/\/ewelyn.se\/index.php?rest_route=%2Fwp%2Fv2%2Fcomments&post=656"}],"version-history":[{"count":0,"href":"https:\/\/ewelyn.se\/index.php?rest_route=\/wp\/v2\/posts\/656\/revisions"}],"wp:featuredmedia":[{"embeddable":true,"href":"https:\/\/ewelyn.se\/index.php?rest_route=\/wp\/v2\/media\/657"}],"wp:attachment":[{"href":"https:\/\/ewelyn.se\/index.php?rest_route=%2Fwp%2Fv2%2Fmedia&parent=656"}],"wp:term":[{"taxonomy":"category","embeddable":true,"href":"https:\/\/ewelyn.se\/index.php?rest_route=%2Fwp%2Fv2%2Fcategories&post=656"},{"taxonomy":"post_tag","embeddable":true,"href":"https:\/\/ewelyn.se\/index.php?rest_route=%2Fwp%2Fv2%2Ftags&post=656"}],"curies":[{"name":"wp","href":"https:\/\/api.w.org\/{rel}","templated":true}]}}