{"id":637,"date":"2025-12-14T21:07:26","date_gmt":"2025-12-14T21:07:26","guid":{"rendered":"https:\/\/pinkjournal.se\/?p=637"},"modified":"2025-12-14T21:07:26","modified_gmt":"2025-12-14T21:07:26","slug":"ensamheten-ar-jobbig","status":"publish","type":"post","link":"https:\/\/ewelyn.se\/?p=637","title":{"rendered":"Ensamheten \u00e4r jobbig"},"content":{"rendered":"\n<p>Hej! Jag m\u00e5ste \u00f6ppna mig sj\u00e4lv nu. Jag m\u00e5r s\u00e5 fruktansv\u00e4rt d\u00e5ligt och \u00e4r s\u00e5 nedst\u00e4md och deprimerad. Jag k\u00e4nner mig s\u00e5 fruktansv\u00e4rt ensam om dagarna. Jag vet att jag inte \u00e4r ensam, men jag k\u00e4nner mig sj\u00e4lv, vet inte vad mer jag ska s\u00e4ga. Just idag \u00e4r en s\u00e5n jobbig dag. Jag har ingen att hitta p\u00e5 n\u00e5got med och jag har inte tr\u00e4ffat \u00e4lsklingen och barnen p\u00e5 l\u00e4nge. Christoffer kommer p\u00e5 fredag och Luna kommer p\u00e5 s\u00f6ndag. Men det k\u00e4nns ju s\u00e5 l\u00e5ngt bort. <\/p>\n\n\n\n<p>Imorgon ska jag laga mat, sen vet jag inte vad mer jag ska g\u00f6ra. Vad kan man g\u00f6ra? Springa runt och st\u00e4da? P\u00e5 tisdag, onsdag och torsdag f\u00e5r jag iallafall tr\u00e4ffa m\u00e4nniskor, men jag kommer inte vilja det om inte mitt ansikte l\u00e4ker lite. Jag har s\u00e5 ont i ansiktet, det \u00e4r torrt, svider, br\u00e4nns och jag har f\u00e5tt bl\u00e5sor. Jag har testat exemsalva, kortison och nu har jag kladdat p\u00e5 idomin och hoppas det kommer se b\u00e4ttre ut imorgon. Jag vet att kortisonet har f\u00f6rv\u00e4rrat situationen, varf\u00f6r skriver man ens ut receptet till mig?<\/p>\n\n\n\n<p>Jag har b\u00f6rjat med ADHD medicin nu. Det k\u00e4nns b\u00e4ttre faktiskt, b\u00e4ttre \u00e4n jag kunnat f\u00f6rv\u00e4nta mig. Men de hj\u00e4lper ju inte mot depressionen s\u00e5 jag har bett om kuratorkontakt igen via 1177. Jag k\u00e4nner mig s\u00e5 bortgl\u00f6md. <\/p>\n\n\n\n<p>F\u00f6r att lindra &#8221;sm\u00e4rtan&#8221; har jag best\u00e4llt en julklapp till mig sj\u00e4lv. Jag \u00e4lskar Hello Kitty och har redan en v\u00e4ska, men jag beh\u00f6vde en st\u00f6rre f\u00f6r jag kan knappt st\u00e4nga min med allt mitt skit i. Jag hoppas den kommer f\u00f6re jul! Jag best\u00e4llde den fr\u00e5n Shein, s\u00e5 himla fin! Den f\u00f6rtj\u00e4nar jag!<\/p>\n","protected":false},"excerpt":{"rendered":"<p>Hej! Jag m\u00e5ste \u00f6ppna mig sj\u00e4lv nu. Jag m\u00e5r s\u00e5 fruktansv\u00e4rt d\u00e5ligt och \u00e4r s\u00e5 nedst\u00e4md och deprimerad. Jag k\u00e4nner mig s\u00e5 fruktansv\u00e4rt ensam om &hellip; <\/p>\n","protected":false},"author":1,"featured_media":636,"comment_status":"closed","ping_status":"open","sticky":false,"template":"","format":"standard","meta":{"footnotes":""},"categories":[3,6,8,12,13,17,28],"tags":[],"class_list":["post-637","post","type-post","status-publish","format-standard","has-post-thumbnail","hentry","category-01-personligt","category-04-vardagligt","category-autism-adhd","category-ego","category-familjen","category-karleken-","category-snicksnack"],"_links":{"self":[{"href":"https:\/\/ewelyn.se\/index.php?rest_route=\/wp\/v2\/posts\/637","targetHints":{"allow":["GET"]}}],"collection":[{"href":"https:\/\/ewelyn.se\/index.php?rest_route=\/wp\/v2\/posts"}],"about":[{"href":"https:\/\/ewelyn.se\/index.php?rest_route=\/wp\/v2\/types\/post"}],"author":[{"embeddable":true,"href":"https:\/\/ewelyn.se\/index.php?rest_route=\/wp\/v2\/users\/1"}],"replies":[{"embeddable":true,"href":"https:\/\/ewelyn.se\/index.php?rest_route=%2Fwp%2Fv2%2Fcomments&post=637"}],"version-history":[{"count":0,"href":"https:\/\/ewelyn.se\/index.php?rest_route=\/wp\/v2\/posts\/637\/revisions"}],"wp:featuredmedia":[{"embeddable":true,"href":"https:\/\/ewelyn.se\/index.php?rest_route=\/wp\/v2\/media\/636"}],"wp:attachment":[{"href":"https:\/\/ewelyn.se\/index.php?rest_route=%2Fwp%2Fv2%2Fmedia&parent=637"}],"wp:term":[{"taxonomy":"category","embeddable":true,"href":"https:\/\/ewelyn.se\/index.php?rest_route=%2Fwp%2Fv2%2Fcategories&post=637"},{"taxonomy":"post_tag","embeddable":true,"href":"https:\/\/ewelyn.se\/index.php?rest_route=%2Fwp%2Fv2%2Ftags&post=637"}],"curies":[{"name":"wp","href":"https:\/\/api.w.org\/{rel}","templated":true}]}}