{"id":61,"date":"2025-06-22T12:32:56","date_gmt":"2025-06-22T12:32:56","guid":{"rendered":"https:\/\/pinkjournal.se\/?p=61"},"modified":"2025-06-22T12:32:56","modified_gmt":"2025-06-22T12:32:56","slug":"sa-himla-varmt","status":"publish","type":"post","link":"https:\/\/ewelyn.se\/?p=61","title":{"rendered":"S\u00e5 himla varmt"},"content":{"rendered":"\n\n<p>Hej! Idag blev fem r\u00e5ttungar h\u00e4mtade av sina nya familjer fr\u00e5n b\u00e5de G\u00f6teborg och Skan\u00f6r. Mina r\u00e5ttbebisar blir utspridda i landet och det k\u00e4nns s\u00e5 himla roligt! Hoppas man kan f\u00f6lja upp deras utveckling, hade varit underbart!<\/p>\n\n\n\n<p>Idag \u00e4r det fruktansv\u00e4rt varmt, kvavt och vidstilla. K\u00e4nns obehagligt och luften man andas k\u00e4nns begagnad. Sen s\u00e5 \u00e5kte jag och pappa p\u00e5 en liten roadtrip. Stannade till p\u00e5 Willys och handlade lite till pastasalladen men kyckling. T\u00e4nkte k\u00f6pa cider men det var helt tomt p\u00e5 hyllorna. Allt gick v\u00e4l \u00e5t till midsommar. Jag tog tv\u00e5 flaskor p\u00e4ron ciderkarakt\u00e4r ist\u00e4llet. Har redan smakat den och den k\u00e4nns helt ok. <\/p>\n\n\n\n<p>N\u00e4r det \u00e4r s\u00e5h\u00e4r varmt kan jag inte vara ute f\u00f6r jag f\u00e5r j\u00e4tteont i kroppen och blir r\u00f6dflammig och allt b\u00f6rjar klia. K\u00e4nner mig \u00f6verk\u00e4nslig mot solen. Mamma \u00e4r tv\u00e4rtom, hon kan ligga och steka i timmar. Hon \u00e4r s\u00e5 himla r\u00f6dbrun nu, som en r\u00f6d panda. Min s\u00f6ta mamma \ud83d\udda4<\/p>\n","protected":false},"excerpt":{"rendered":"<p>Hej! Idag blev fem r\u00e5ttungar h\u00e4mtade av sina nya familjer fr\u00e5n b\u00e5de G\u00f6teborg och Skan\u00f6r. Mina r\u00e5ttbebisar blir utspridda i landet och det k\u00e4nns s\u00e5 &hellip; <\/p>\n","protected":false},"author":1,"featured_media":62,"comment_status":"open","ping_status":"open","sticky":false,"template":"","format":"standard","meta":{"footnotes":""},"categories":[3,6,12,13,28],"tags":[],"class_list":["post-61","post","type-post","status-publish","format-standard","has-post-thumbnail","hentry","category-01-personligt","category-04-vardagligt","category-ego","category-familjen","category-snicksnack"],"_links":{"self":[{"href":"https:\/\/ewelyn.se\/index.php?rest_route=\/wp\/v2\/posts\/61","targetHints":{"allow":["GET"]}}],"collection":[{"href":"https:\/\/ewelyn.se\/index.php?rest_route=\/wp\/v2\/posts"}],"about":[{"href":"https:\/\/ewelyn.se\/index.php?rest_route=\/wp\/v2\/types\/post"}],"author":[{"embeddable":true,"href":"https:\/\/ewelyn.se\/index.php?rest_route=\/wp\/v2\/users\/1"}],"replies":[{"embeddable":true,"href":"https:\/\/ewelyn.se\/index.php?rest_route=%2Fwp%2Fv2%2Fcomments&post=61"}],"version-history":[{"count":0,"href":"https:\/\/ewelyn.se\/index.php?rest_route=\/wp\/v2\/posts\/61\/revisions"}],"wp:featuredmedia":[{"embeddable":true,"href":"https:\/\/ewelyn.se\/index.php?rest_route=\/wp\/v2\/media\/62"}],"wp:attachment":[{"href":"https:\/\/ewelyn.se\/index.php?rest_route=%2Fwp%2Fv2%2Fmedia&parent=61"}],"wp:term":[{"taxonomy":"category","embeddable":true,"href":"https:\/\/ewelyn.se\/index.php?rest_route=%2Fwp%2Fv2%2Fcategories&post=61"},{"taxonomy":"post_tag","embeddable":true,"href":"https:\/\/ewelyn.se\/index.php?rest_route=%2Fwp%2Fv2%2Ftags&post=61"}],"curies":[{"name":"wp","href":"https:\/\/api.w.org\/{rel}","templated":true}]}}