{"id":556,"date":"2025-12-12T17:04:15","date_gmt":"2025-12-12T17:04:15","guid":{"rendered":"https:\/\/pinkjournal.se\/?p=556"},"modified":"2025-12-12T17:04:15","modified_gmt":"2025-12-12T17:04:15","slug":"fullspackad-vecka-och-adhd","status":"publish","type":"post","link":"https:\/\/ewelyn.se\/?p=556","title":{"rendered":"Fullsp\u00e4ckad vecka och ADHD"},"content":{"rendered":"\n<p><strong>Hej bloggen! <\/strong>Vilken underbar vecka jag haft, ja om man bortser fr\u00e5n de stunder med stress, \u00e5ngest och \u00e4nslighet. Jag minns inte vad som h\u00e4nde i m\u00e5ndags, i tisdags hade vi julfirande med jobbet och det var s\u00e5 fruktansv\u00e4rt roligt. Vi var s\u00e5 m\u00e5nga och jag var s\u00e5 nerv\u00f6s och \u00e4ngslig \u00f6ver detta f\u00f6r jag funkar inte med sociala sammanhang. Man m\u00e4rker det inte p\u00e5 mig f\u00f6r jag \u00e4r bra p\u00e5 att maskera det men inombords \u00e4r det \u00f6verv\u00e4ldigande. N\u00e4r jag kom hem d\u00e4ckade jag och sov resten av kv\u00e4llen och n\u00e4stan hela tisdagen. Jag fick verkligen kortslutning d\u00e4r.<\/p>\n\n\n\n<p>I torsdags var jag p\u00e5 jobbet och det var s\u00e5 roligt att vara tillbaka. S\u00e5klart tog jag med mig cupcakes till mina underbara kollegor. Detta ska bli en fin tradition. Jag h\u00f6ll p\u00e5 med en fotobok mamma ska f\u00e5 i julklapp. Kr\u00e4vde mycket t\u00e5lamod och koncentration. Det sv\u00e5raste var att sk\u00e4ra utskrifterna raka, jag darrar v\u00e4ldigt mycket i min v\u00e4nstra hand. Jag blev tyv\u00e4rr inte f\u00e4rdig med den s\u00e5 jag f\u00e5r g\u00f6ra klart den n\u00e4sta vecka. Jag tror den kommer bli j\u00e4ttebra! N\u00e4sta vecka b\u00f6rjar jag med 3 timmars f\u00f6rl\u00e4ngd arbetstid vilket jag ocks\u00e5 ser framemot.<\/p>\n\n\n\n<p>Idag fick jag \u00e4ntligen min ADHD medicin utskriven. Jag diagnostiserades med Autism och ADHD i v\u00e5ras men har inte kunnat b\u00f6rja med medicin pga anemi. Men jag \u00e4r frisk fr\u00e5n det nu. N\u00e5gon timme efter jag tog medicinen idag k\u00e4nner jag s\u00e5n inre lugn och kan fokusera p\u00e5 EN sak. Det k\u00e4nns s\u00e5 m\u00e4rkligt men h\u00e4rligt. \u00c4r det s\u00e5h\u00e4r det ska vara? Min hj\u00e4rna har varit ett flipperspel i hela  mitt liv.<\/p>\n","protected":false},"excerpt":{"rendered":"<p>Hej bloggen! Vilken underbar vecka jag haft, ja om man bortser fr\u00e5n de stunder med stress, \u00e5ngest och \u00e4nslighet. Jag minns inte vad som h\u00e4nde &hellip; <\/p>\n","protected":false},"author":1,"featured_media":546,"comment_status":"closed","ping_status":"open","sticky":false,"template":"","format":"standard","meta":{"footnotes":""},"categories":[3,6,8,28],"tags":[],"class_list":["post-556","post","type-post","status-publish","format-standard","has-post-thumbnail","hentry","category-01-personligt","category-04-vardagligt","category-autism-adhd","category-snicksnack"],"_links":{"self":[{"href":"https:\/\/ewelyn.se\/index.php?rest_route=\/wp\/v2\/posts\/556","targetHints":{"allow":["GET"]}}],"collection":[{"href":"https:\/\/ewelyn.se\/index.php?rest_route=\/wp\/v2\/posts"}],"about":[{"href":"https:\/\/ewelyn.se\/index.php?rest_route=\/wp\/v2\/types\/post"}],"author":[{"embeddable":true,"href":"https:\/\/ewelyn.se\/index.php?rest_route=\/wp\/v2\/users\/1"}],"replies":[{"embeddable":true,"href":"https:\/\/ewelyn.se\/index.php?rest_route=%2Fwp%2Fv2%2Fcomments&post=556"}],"version-history":[{"count":0,"href":"https:\/\/ewelyn.se\/index.php?rest_route=\/wp\/v2\/posts\/556\/revisions"}],"wp:featuredmedia":[{"embeddable":true,"href":"https:\/\/ewelyn.se\/index.php?rest_route=\/wp\/v2\/media\/546"}],"wp:attachment":[{"href":"https:\/\/ewelyn.se\/index.php?rest_route=%2Fwp%2Fv2%2Fmedia&parent=556"}],"wp:term":[{"taxonomy":"category","embeddable":true,"href":"https:\/\/ewelyn.se\/index.php?rest_route=%2Fwp%2Fv2%2Fcategories&post=556"},{"taxonomy":"post_tag","embeddable":true,"href":"https:\/\/ewelyn.se\/index.php?rest_route=%2Fwp%2Fv2%2Ftags&post=556"}],"curies":[{"name":"wp","href":"https:\/\/api.w.org\/{rel}","templated":true}]}}