{"id":506,"date":"2025-11-26T09:58:56","date_gmt":"2025-11-26T09:58:56","guid":{"rendered":"https:\/\/pinkjournal.se\/?p=506"},"modified":"2025-11-26T09:58:56","modified_gmt":"2025-11-26T09:58:56","slug":"stackars-kille","status":"publish","type":"post","link":"https:\/\/ewelyn.se\/?p=506","title":{"rendered":"Stackars kille"},"content":{"rendered":"\n<p><strong>Godmorgon!<\/strong> Jag har precis varit p\u00e5 V\u00e5rdcentralen och l\u00e4mnat prover f\u00f6r att kolla mitt blodv\u00e4rde igen. Jag ska dit igen till l\u00e4kare denna g\u00e5ngen vid 14 f\u00f6r att kolla min hand. Jag blev biten djupt av Kanel ig\u00e5r kv\u00e4ll. Detta var mitt eget fel och jag utsatte honom f\u00f6r en obehaglig situation. Jag skulle l\u00e4gga ner honom i buren via en mindre lucka fr\u00e5n taket och han ville verkligen inte ner d\u00e4r, s\u00e5 jag f\u00f6rs\u00f6kte trycka ner honom f\u00f6rsiktigt och han blev r\u00e4dd och denna tr\u00e4ngda situationen och bet mig. Vi f\u00e5r se vad l\u00e4karen g\u00f6r f\u00f6r bed\u00f6mning, kanske dom f\u00e5r hugga av hela armen p\u00e5 plats! Haha! <\/p>\n\n\n\n<p>Nej men det k\u00e4nns lugnt, g\u00f6r svinont bara, och det var i en muskel p\u00e5 fingret som \u00e4r j\u00e4ttesvullet, pulserande och k\u00e4nns h\u00e5rt och stelt. Kanske dags f\u00f6r en stelkrampsspruta?<\/p>\n\n\n\n<p><em>En bild p\u00e5 min s\u00f6taste Kanel n\u00e4r han var bebis \u3164\u2661\u3164<\/em><\/p>\n","protected":false},"excerpt":{"rendered":"<p>Godmorgon! Jag har precis varit p\u00e5 V\u00e5rdcentralen och l\u00e4mnat prover f\u00f6r att kolla mitt blodv\u00e4rde igen. Jag ska dit igen till l\u00e4kare denna g\u00e5ngen vid &hellip; <\/p>\n","protected":false},"author":1,"featured_media":0,"comment_status":"closed","ping_status":"open","sticky":false,"template":"","format":"standard","meta":{"footnotes":""},"categories":[3,7,11,12,40,41,26,34],"tags":[],"class_list":["post-506","post","type-post","status-publish","format-standard","hentry","category-01-personligt","category-05-svansbarnen","category-djuren","category-ego","category-nikkor-50mm-1-8","category-nikon-d90","category-rattorna","category-utrustning"],"_links":{"self":[{"href":"https:\/\/ewelyn.se\/index.php?rest_route=\/wp\/v2\/posts\/506","targetHints":{"allow":["GET"]}}],"collection":[{"href":"https:\/\/ewelyn.se\/index.php?rest_route=\/wp\/v2\/posts"}],"about":[{"href":"https:\/\/ewelyn.se\/index.php?rest_route=\/wp\/v2\/types\/post"}],"author":[{"embeddable":true,"href":"https:\/\/ewelyn.se\/index.php?rest_route=\/wp\/v2\/users\/1"}],"replies":[{"embeddable":true,"href":"https:\/\/ewelyn.se\/index.php?rest_route=%2Fwp%2Fv2%2Fcomments&post=506"}],"version-history":[{"count":0,"href":"https:\/\/ewelyn.se\/index.php?rest_route=\/wp\/v2\/posts\/506\/revisions"}],"wp:attachment":[{"href":"https:\/\/ewelyn.se\/index.php?rest_route=%2Fwp%2Fv2%2Fmedia&parent=506"}],"wp:term":[{"taxonomy":"category","embeddable":true,"href":"https:\/\/ewelyn.se\/index.php?rest_route=%2Fwp%2Fv2%2Fcategories&post=506"},{"taxonomy":"post_tag","embeddable":true,"href":"https:\/\/ewelyn.se\/index.php?rest_route=%2Fwp%2Fv2%2Ftags&post=506"}],"curies":[{"name":"wp","href":"https:\/\/api.w.org\/{rel}","templated":true}]}}