{"id":432,"date":"2025-09-11T08:24:10","date_gmt":"2025-09-11T08:24:10","guid":{"rendered":"https:\/\/pinkjournal.se\/?p=432"},"modified":"2025-09-11T08:24:10","modified_gmt":"2025-09-11T08:24:10","slug":"kanner-mig-febrig","status":"publish","type":"post","link":"https:\/\/ewelyn.se\/?p=432","title":{"rendered":"K\u00e4nner mig febrig"},"content":{"rendered":"\n<p>Hej! Sitter p\u00e5 Mediahuset och jobbar lite med lite feber och v\u00e4rk. S\u00e5 himla typiskt. Men \u00e4r inte redo att \u00e5ka hem s\u00e5 stannar tills jag slutar. Men jag fick faktiskt vila en timme med fl\u00e4kten mot mig f\u00f6r jag var s\u00e5 \u00f6verhettad och beh\u00f6vde svalka mig. Det hj\u00e4lpte inte att bara g\u00e5 ut. <\/p>\n\n\n\n<p>Idag har jag f\u00e5tt mer information kring fotoutst\u00e4llningen vi ska ha under &#8221;Sk\u00e5ne Veckan &#8211; Psykisk h\u00e4lsa&#8221;. Jag har inte hunnit kolla s\u00e5 mycket p\u00e5 vad jag vill st\u00e4lla ut, t\u00e4nkte g\u00f6ra det idag men orkar inte det pga m\u00e5endet. Men mitt fokus kommer ligga kring djur och natur, inget kan g\u00e5 fel d\u00e4r! <\/p>\n","protected":false},"excerpt":{"rendered":"<p>Hej! Sitter p\u00e5 Mediahuset och jobbar lite med lite feber och v\u00e4rk. S\u00e5 himla typiskt. Men \u00e4r inte redo att \u00e5ka hem s\u00e5 stannar tills &hellip; <\/p>\n","protected":false},"author":1,"featured_media":435,"comment_status":"closed","ping_status":"open","sticky":false,"template":"","format":"standard","meta":{"footnotes":""},"categories":[3,4,6,12,37,22,28],"tags":[],"class_list":["post-432","post","type-post","status-publish","format-standard","has-post-thumbnail","hentry","category-01-personligt","category-02-fotografier","category-04-vardagligt","category-ego","category-iphone-16-plus","category-naturen","category-snicksnack"],"_links":{"self":[{"href":"https:\/\/ewelyn.se\/index.php?rest_route=\/wp\/v2\/posts\/432","targetHints":{"allow":["GET"]}}],"collection":[{"href":"https:\/\/ewelyn.se\/index.php?rest_route=\/wp\/v2\/posts"}],"about":[{"href":"https:\/\/ewelyn.se\/index.php?rest_route=\/wp\/v2\/types\/post"}],"author":[{"embeddable":true,"href":"https:\/\/ewelyn.se\/index.php?rest_route=\/wp\/v2\/users\/1"}],"replies":[{"embeddable":true,"href":"https:\/\/ewelyn.se\/index.php?rest_route=%2Fwp%2Fv2%2Fcomments&post=432"}],"version-history":[{"count":0,"href":"https:\/\/ewelyn.se\/index.php?rest_route=\/wp\/v2\/posts\/432\/revisions"}],"wp:featuredmedia":[{"embeddable":true,"href":"https:\/\/ewelyn.se\/index.php?rest_route=\/wp\/v2\/media\/435"}],"wp:attachment":[{"href":"https:\/\/ewelyn.se\/index.php?rest_route=%2Fwp%2Fv2%2Fmedia&parent=432"}],"wp:term":[{"taxonomy":"category","embeddable":true,"href":"https:\/\/ewelyn.se\/index.php?rest_route=%2Fwp%2Fv2%2Fcategories&post=432"},{"taxonomy":"post_tag","embeddable":true,"href":"https:\/\/ewelyn.se\/index.php?rest_route=%2Fwp%2Fv2%2Ftags&post=432"}],"curies":[{"name":"wp","href":"https:\/\/api.w.org\/{rel}","templated":true}]}}