{"id":424,"date":"2025-08-28T07:58:53","date_gmt":"2025-08-28T07:58:53","guid":{"rendered":"https:\/\/pinkjournal.se\/?p=424"},"modified":"2025-08-28T07:58:53","modified_gmt":"2025-08-28T07:58:53","slug":"nu-avslutar-vi-denna-manaden","status":"publish","type":"post","link":"https:\/\/ewelyn.se\/?p=424","title":{"rendered":"Nu avslutar vi denna m\u00e5naden"},"content":{"rendered":"\n<p>Hej! Vilken m\u00e5nad jag har haft! Massa saker som har k\u00e4nt och jag k\u00e4nner mig \u00f6verv\u00e4ldigad och lite ledsen faktiskt, men jag f\u00f6rs\u00f6ker gl\u00e4djas av det fina i livet \u00e4ven om det kan k\u00e4nnas lite sv\u00e5rt ibland. \u00c4lskling har jobbat tre veckor nu sedan semestern och han kommer \u00e4ntligen imorgon! Gissa om jag l\u00e4ngtar! P\u00e5 l\u00f6rdag \u00e4r vi bjudna hem till fina Emma p\u00e5 fika och det ska bli mysigt. Ska ta med mig kameran s\u00e5 jag kan fota hennes s\u00f6ta Chihuahua Nikki-Lo \u2661<\/p>\n\n\n\n<p>Just nu sitter jag p\u00e5 Mediahuset och redigerar bilder och ska strax gr\u00e4va ner mig i intressanta mordfall d\u00e5 jag vill skriva om olika k\u00e4nda mordfall, fokus Sk\u00e5ne, till tidningen. N\u00e4r jag kommer hem ska jag sl\u00e4nga in maten i ugnen. Ska g\u00f6ra kyckling, potatis, mor\u00f6tter, zuccini, majskolvar och champinjoner i ugnen. Till detta aioli. Ska bli s\u00e5 himla gott faktiskt!<\/p>\n\n\n\n<p><em>Veckans bildsk\u00f6rd!<\/em><\/p>\n\n\n\n<figure class=\"wp-block-gallery has-nested-images columns-default is-cropped wp-block-gallery-1 is-layout-flex wp-block-gallery-is-layout-flex\">\n<figure class=\"wp-block-image size-large\"><img decoding=\"async\" data-id=\"425\" src=\"https:\/\/ewelyn.se\/wp-content\/uploads\/2025\/08\/DSC0279-scaled.jpg\" alt=\"\" class=\"wp-image-425\"\/><\/figure>\n\n\n\n<figure class=\"wp-block-image size-large\"><img decoding=\"async\" data-id=\"426\" src=\"https:\/\/ewelyn.se\/wp-content\/uploads\/2025\/08\/DSC0616-680x1024.jpg\" alt=\"\" class=\"wp-image-426\"\/><\/figure>\n<\/figure>\n\n\n\n<figure class=\"wp-block-image size-full\"><img decoding=\"async\" src=\"https:\/\/ewelyn.se\/wp-content\/uploads\/2025\/08\/DSC0327-scaled.jpg\" alt=\"\" class=\"wp-image-427\"\/><\/figure>\n","protected":false},"excerpt":{"rendered":"<p>Hej! Vilken m\u00e5nad jag har haft! Massa saker som har k\u00e4nt och jag k\u00e4nner mig \u00f6verv\u00e4ldigad och lite ledsen faktiskt, men jag f\u00f6rs\u00f6ker gl\u00e4djas av &hellip; <\/p>\n","protected":false},"author":1,"featured_media":428,"comment_status":"closed","ping_status":"open","sticky":false,"template":"","format":"standard","meta":{"footnotes":""},"categories":[3,4,6,12,17,22,40,41,28,42,34],"tags":[],"class_list":["post-424","post","type-post","status-publish","format-standard","has-post-thumbnail","hentry","category-01-personligt","category-02-fotografier","category-04-vardagligt","category-ego","category-karleken-","category-naturen","category-nikkor-50mm-1-8","category-nikon-d90","category-snicksnack","category-tamron-18-200mm-3-5-6-3","category-utrustning"],"_links":{"self":[{"href":"https:\/\/ewelyn.se\/index.php?rest_route=\/wp\/v2\/posts\/424","targetHints":{"allow":["GET"]}}],"collection":[{"href":"https:\/\/ewelyn.se\/index.php?rest_route=\/wp\/v2\/posts"}],"about":[{"href":"https:\/\/ewelyn.se\/index.php?rest_route=\/wp\/v2\/types\/post"}],"author":[{"embeddable":true,"href":"https:\/\/ewelyn.se\/index.php?rest_route=\/wp\/v2\/users\/1"}],"replies":[{"embeddable":true,"href":"https:\/\/ewelyn.se\/index.php?rest_route=%2Fwp%2Fv2%2Fcomments&post=424"}],"version-history":[{"count":0,"href":"https:\/\/ewelyn.se\/index.php?rest_route=\/wp\/v2\/posts\/424\/revisions"}],"wp:featuredmedia":[{"embeddable":true,"href":"https:\/\/ewelyn.se\/index.php?rest_route=\/wp\/v2\/media\/428"}],"wp:attachment":[{"href":"https:\/\/ewelyn.se\/index.php?rest_route=%2Fwp%2Fv2%2Fmedia&parent=424"}],"wp:term":[{"taxonomy":"category","embeddable":true,"href":"https:\/\/ewelyn.se\/index.php?rest_route=%2Fwp%2Fv2%2Fcategories&post=424"},{"taxonomy":"post_tag","embeddable":true,"href":"https:\/\/ewelyn.se\/index.php?rest_route=%2Fwp%2Fv2%2Ftags&post=424"}],"curies":[{"name":"wp","href":"https:\/\/api.w.org\/{rel}","templated":true}]}}