{"id":386,"date":"2025-07-31T08:59:42","date_gmt":"2025-07-31T08:59:42","guid":{"rendered":"https:\/\/pinkjournal.se\/?p=386"},"modified":"2025-07-31T08:59:42","modified_gmt":"2025-07-31T08:59:42","slug":"sahar-jobbigt-ar-det","status":"publish","type":"post","link":"https:\/\/ewelyn.se\/?p=386","title":{"rendered":"S\u00e5h\u00e4r jobbigt \u00e4r det"},"content":{"rendered":"\n<p>Hej! Nu ska jag skriva av mig om mitt m\u00e5ende. Jag har ju b\u00e5de fibromyalgi, diskbr\u00e5ck i l\u00e4ndryggen, artros, autism och ADHD. Detta p\u00e5verkar mitt liv j\u00e4ttemycket s\u00e5klart. Det \u00e4r inte m\u00e5nga g\u00e5nger jag m\u00e5r v\u00e4ldigt bra. Jag har gl\u00f6mt hur det k\u00e4nns. Det m\u00e5ste vara riktigt lyxigt att leva utan dessa diagnoser t\u00e4nker jag. Om jag bara fick en vecka med detta hade jag varit lycklig.<\/p>\n\n\n\n<p>Jag ska b\u00f6rja med ADHD medicin i Augusti enligt planeringar och jag hoppas det g\u00e5r v\u00e4gen. Jag \u00e4r bara os\u00e4ker f\u00f6r att blodproverna jag l\u00e4mnade in f\u00f6rra veckan visade risk f\u00f6r hj\u00e4rtsvikt. Ja, jag har googlar, haha! Men l\u00e4karen har inte h\u00f6rt av sig s\u00e5 det \u00e4r nog bara att k\u00f6ra. Jag k\u00e4nner mig \u00f6veraktiv i hj\u00e4rnan och kan inte koncentrera mig och det krockar med mina sm\u00e4rtor i kroppen f\u00f6r jag kan ju inte springa och g\u00f6ra det, det och det jag k\u00e4nner m\u00e5ste g\u00f6ras NU, NU, NU! Fattar ni? Jag har s\u00e5 sv\u00e5rt att koncentrera mig n\u00e4r jag pratar med andra f\u00f6r jag f\u00f6rsvinner lite och t\u00e4nker p\u00e5 massa annat eller s\u00e5 g\u00e5r jag fr\u00e5n \u00e4mne till \u00e4mne som inte har n\u00e5got gemensamt. Jag \u00e4r s\u00e5 weird!<\/p>\n\n\n\n<p>Diskbr\u00e5cket tycker jag \u00e4r v\u00e4rst. Orkar knappt skriva om det f\u00f6r sm\u00e4rtorna och f\u00f6rslitningarna i l\u00e4ndryggen <em>(3 kotor)<\/em> g\u00e5r inte att g\u00f6ra n\u00e5got \u00e5t. Suck!<\/p>\n","protected":false},"excerpt":{"rendered":"<p>Hej! Nu ska jag skriva av mig om mitt m\u00e5ende. Jag har ju b\u00e5de fibromyalgi, diskbr\u00e5ck i l\u00e4ndryggen, artros, autism och ADHD. Detta p\u00e5verkar mitt &hellip; <\/p>\n","protected":false},"author":1,"featured_media":387,"comment_status":"open","ping_status":"open","sticky":false,"template":"","format":"standard","meta":{"footnotes":""},"categories":[3,6,8,12,14,36,28,34],"tags":[],"class_list":["post-386","post","type-post","status-publish","format-standard","has-post-thumbnail","hentry","category-01-personligt","category-04-vardagligt","category-autism-adhd","category-ego","category-fibromyalgi","category-iphone-14-pro","category-snicksnack","category-utrustning"],"_links":{"self":[{"href":"https:\/\/ewelyn.se\/index.php?rest_route=\/wp\/v2\/posts\/386","targetHints":{"allow":["GET"]}}],"collection":[{"href":"https:\/\/ewelyn.se\/index.php?rest_route=\/wp\/v2\/posts"}],"about":[{"href":"https:\/\/ewelyn.se\/index.php?rest_route=\/wp\/v2\/types\/post"}],"author":[{"embeddable":true,"href":"https:\/\/ewelyn.se\/index.php?rest_route=\/wp\/v2\/users\/1"}],"replies":[{"embeddable":true,"href":"https:\/\/ewelyn.se\/index.php?rest_route=%2Fwp%2Fv2%2Fcomments&post=386"}],"version-history":[{"count":0,"href":"https:\/\/ewelyn.se\/index.php?rest_route=\/wp\/v2\/posts\/386\/revisions"}],"wp:featuredmedia":[{"embeddable":true,"href":"https:\/\/ewelyn.se\/index.php?rest_route=\/wp\/v2\/media\/387"}],"wp:attachment":[{"href":"https:\/\/ewelyn.se\/index.php?rest_route=%2Fwp%2Fv2%2Fmedia&parent=386"}],"wp:term":[{"taxonomy":"category","embeddable":true,"href":"https:\/\/ewelyn.se\/index.php?rest_route=%2Fwp%2Fv2%2Fcategories&post=386"},{"taxonomy":"post_tag","embeddable":true,"href":"https:\/\/ewelyn.se\/index.php?rest_route=%2Fwp%2Fv2%2Ftags&post=386"}],"curies":[{"name":"wp","href":"https:\/\/api.w.org\/{rel}","templated":true}]}}