{"id":381,"date":"2025-07-31T08:05:23","date_gmt":"2025-07-31T08:05:23","guid":{"rendered":"https:\/\/pinkjournal.se\/?p=381"},"modified":"2025-07-31T08:05:23","modified_gmt":"2025-07-31T08:05:23","slug":"mina-sota-tjejer","status":"publish","type":"post","link":"https:\/\/ewelyn.se\/?p=381","title":{"rendered":"Mina s\u00f6ta tjejer"},"content":{"rendered":"\n<p>Hej! Sommarkullen har v\u00e4xt till sig och h\u00e4r \u00e4r en bild p\u00e5 mina tv\u00e5 vuxna honor Idun och Juni tillsammans med Juni&#8217;s bebisar. Dom \u00e4r s\u00e5 himla fina allts\u00e5 \u2665&nbsp;<\/p>\n\n\n\n<p>Ig\u00e5r h\u00e4mtades tv\u00e5 av tjejerna och i helgen h\u00e4mtas fler. Alla r\u00e5ttungar \u00e4r tingade. Det \u00e4r mycket roligare att ta bild p\u00e5 dem nu med systemkameran. Den ger mig s\u00e5 mycket gl\u00e4dje! Det har blivit s\u00e5 himla roligt att fotografera igen. <\/p>\n\n\n\n<div class=\"wp-block-columns is-layout-flex wp-container-core-columns-is-layout-9d6595d7 wp-block-columns-is-layout-flex\">\n<div class=\"wp-block-column is-layout-flow wp-block-column-is-layout-flow\" style=\"flex-basis:100%\">\n<figure class=\"wp-block-gallery has-nested-images columns-default is-cropped wp-block-gallery-1 is-layout-flex wp-block-gallery-is-layout-flex\">\n<figure class=\"wp-block-image size-large\"><img decoding=\"async\" data-id=\"410\" src=\"https:\/\/ewelyn.se\/wp-content\/uploads\/2025\/07\/DSC0028-1024x680.jpg\" alt=\"\" class=\"wp-image-410\"\/><\/figure>\n\n\n\n<figure class=\"wp-block-image size-large\"><img decoding=\"async\" data-id=\"409\" src=\"https:\/\/ewelyn.se\/wp-content\/uploads\/2025\/07\/DSC0041-1024x680.jpg\" alt=\"\" class=\"wp-image-409\"\/><\/figure>\n<\/figure>\n<\/div>\n<\/div>\n","protected":false},"excerpt":{"rendered":"<p>Hej! Sommarkullen har v\u00e4xt till sig och h\u00e4r \u00e4r en bild p\u00e5 mina tv\u00e5 vuxna honor Idun och Juni tillsammans med Juni&#8217;s bebisar. Dom \u00e4r &hellip; <\/p>\n","protected":false},"author":1,"featured_media":411,"comment_status":"open","ping_status":"open","sticky":false,"template":"","format":"standard","meta":{"footnotes":""},"categories":[4,7,11,26,29],"tags":[],"class_list":["post-381","post","type-post","status-publish","format-standard","has-post-thumbnail","hentry","category-02-fotografier","category-05-svansbarnen","category-djuren","category-rattorna","category-sommarkullen"],"_links":{"self":[{"href":"https:\/\/ewelyn.se\/index.php?rest_route=\/wp\/v2\/posts\/381","targetHints":{"allow":["GET"]}}],"collection":[{"href":"https:\/\/ewelyn.se\/index.php?rest_route=\/wp\/v2\/posts"}],"about":[{"href":"https:\/\/ewelyn.se\/index.php?rest_route=\/wp\/v2\/types\/post"}],"author":[{"embeddable":true,"href":"https:\/\/ewelyn.se\/index.php?rest_route=\/wp\/v2\/users\/1"}],"replies":[{"embeddable":true,"href":"https:\/\/ewelyn.se\/index.php?rest_route=%2Fwp%2Fv2%2Fcomments&post=381"}],"version-history":[{"count":0,"href":"https:\/\/ewelyn.se\/index.php?rest_route=\/wp\/v2\/posts\/381\/revisions"}],"wp:featuredmedia":[{"embeddable":true,"href":"https:\/\/ewelyn.se\/index.php?rest_route=\/wp\/v2\/media\/411"}],"wp:attachment":[{"href":"https:\/\/ewelyn.se\/index.php?rest_route=%2Fwp%2Fv2%2Fmedia&parent=381"}],"wp:term":[{"taxonomy":"category","embeddable":true,"href":"https:\/\/ewelyn.se\/index.php?rest_route=%2Fwp%2Fv2%2Fcategories&post=381"},{"taxonomy":"post_tag","embeddable":true,"href":"https:\/\/ewelyn.se\/index.php?rest_route=%2Fwp%2Fv2%2Ftags&post=381"}],"curies":[{"name":"wp","href":"https:\/\/api.w.org\/{rel}","templated":true}]}}