{"id":380,"date":"2025-07-31T09:02:39","date_gmt":"2025-07-31T09:02:39","guid":{"rendered":"https:\/\/pinkjournal.se\/?p=380"},"modified":"2025-07-31T09:02:39","modified_gmt":"2025-07-31T09:02:39","slug":"mina-fina-minigrisar","status":"publish","type":"post","link":"https:\/\/ewelyn.se\/?p=380","title":{"rendered":"Mina fina minigrisar"},"content":{"rendered":"\n<p><strong>Hej bloggen!<\/strong> Idag sitter jag p\u00e5 Mediahuset och leker med webdesignen f\u00f6r bloggen och redigerar bilder. J\u00e4ttekul faktiskt! Inte mycket h\u00e4nder idag men det \u00e4r s\u00e5 kul att komma hit och prata med andra m\u00e4nniskor. Ig\u00e5r tog jag fantastiska foton p\u00e5 Polly &amp; Tyra som jag bara m\u00e5ste visa! Jag \u00e4r s\u00e5 himla n\u00f6jd med dom! Mina fina minigrisar \u2661<\/p>\n\n\n\n<p>I tisdags n\u00e4r jag var med m\u00e5largruppen blev jag sjuk fr\u00e5n ingenstans k\u00e4ndes det som. Mitt i fick jag feber och blev illam\u00e5ende s\u00e5 mamma och pappa fick h\u00e4mta mig. Resten av dagen k\u00e4nde jag mig d\u00f6d. Vi skulle p\u00e5 utebio ig\u00e5r kv\u00e4ll, jag och \u00e4lsklingen, men eftersom jag m\u00e5dde som jag gjorde dagen innan s\u00e5 hoppade vi \u00f6ver. Vi hade nog inte g\u00e5tt dit \u00e4nd\u00e5 eftersom det sp\u00f6regnade! <\/p>\n\n\n\n<figure class=\"wp-block-gallery has-nested-images columns-default is-cropped wp-block-gallery-1 is-layout-flex wp-block-gallery-is-layout-flex\">\n<figure class=\"wp-block-image size-large is-style-default\"><img decoding=\"async\" data-id=\"402\" src=\"https:\/\/ewelyn.se\/wp-content\/uploads\/2025\/07\/DSC0165-1024x680.jpg\" alt=\"\" class=\"wp-image-402\"\/><\/figure>\n\n\n\n<figure class=\"wp-block-image size-large\"><img decoding=\"async\" data-id=\"401\" src=\"https:\/\/ewelyn.se\/wp-content\/uploads\/2025\/07\/DSC0133-1024x680.jpg\" alt=\"\" class=\"wp-image-401\"\/><\/figure>\n<\/figure>\n\n\n\n<figure class=\"wp-block-image size-full\"><img decoding=\"async\" src=\"https:\/\/ewelyn.se\/wp-content\/uploads\/2025\/07\/DSC0177-scaled.jpg\" alt=\"\" class=\"wp-image-404\"\/><\/figure>\n","protected":false},"excerpt":{"rendered":"<p>Hej bloggen! Idag sitter jag p\u00e5 Mediahuset och leker med webdesignen f\u00f6r bloggen och redigerar bilder. J\u00e4ttekul faktiskt! Inte mycket h\u00e4nder idag men det \u00e4r &hellip; <\/p>\n","protected":false},"author":1,"featured_media":405,"comment_status":"open","ping_status":"open","sticky":false,"template":"","format":"standard","meta":{"footnotes":""},"categories":[4,6,7,11,16,40,41,28,34],"tags":[],"class_list":["post-380","post","type-post","status-publish","format-standard","has-post-thumbnail","hentry","category-02-fotografier","category-04-vardagligt","category-05-svansbarnen","category-djuren","category-hundarna","category-nikkor-50mm-1-8","category-nikon-d90","category-snicksnack","category-utrustning"],"_links":{"self":[{"href":"https:\/\/ewelyn.se\/index.php?rest_route=\/wp\/v2\/posts\/380","targetHints":{"allow":["GET"]}}],"collection":[{"href":"https:\/\/ewelyn.se\/index.php?rest_route=\/wp\/v2\/posts"}],"about":[{"href":"https:\/\/ewelyn.se\/index.php?rest_route=\/wp\/v2\/types\/post"}],"author":[{"embeddable":true,"href":"https:\/\/ewelyn.se\/index.php?rest_route=\/wp\/v2\/users\/1"}],"replies":[{"embeddable":true,"href":"https:\/\/ewelyn.se\/index.php?rest_route=%2Fwp%2Fv2%2Fcomments&post=380"}],"version-history":[{"count":0,"href":"https:\/\/ewelyn.se\/index.php?rest_route=\/wp\/v2\/posts\/380\/revisions"}],"wp:featuredmedia":[{"embeddable":true,"href":"https:\/\/ewelyn.se\/index.php?rest_route=\/wp\/v2\/media\/405"}],"wp:attachment":[{"href":"https:\/\/ewelyn.se\/index.php?rest_route=%2Fwp%2Fv2%2Fmedia&parent=380"}],"wp:term":[{"taxonomy":"category","embeddable":true,"href":"https:\/\/ewelyn.se\/index.php?rest_route=%2Fwp%2Fv2%2Fcategories&post=380"},{"taxonomy":"post_tag","embeddable":true,"href":"https:\/\/ewelyn.se\/index.php?rest_route=%2Fwp%2Fv2%2Ftags&post=380"}],"curies":[{"name":"wp","href":"https:\/\/api.w.org\/{rel}","templated":true}]}}