{"id":361,"date":"2025-07-25T18:20:31","date_gmt":"2025-07-25T18:20:31","guid":{"rendered":"https:\/\/pinkjournal.se\/?p=361"},"modified":"2025-07-25T18:20:31","modified_gmt":"2025-07-25T18:20:31","slug":"fullspackad-vecka","status":"publish","type":"post","link":"https:\/\/ewelyn.se\/?p=361","title":{"rendered":"Fullsp\u00e4ckad vecka"},"content":{"rendered":"\n<p><strong>Hej!<\/strong> Denna veckan har varit fullproppad med saker, k\u00e4nner mig lite tom nu faktiskt. Nedan kommer en liten bunte foton jag tog f\u00f6rra veckan som jag gl\u00f6mt av. Denna veckan har jag varit p\u00e5 v\u00e5rdcentralen och l\u00e4mnat nya prover och blodtryck. Just nu ser det lovande ut att jag kan b\u00f6rja med min ADHD medicin nu i Augusti, gud vad jag l\u00e4ngtar efter lite stillhet i huvudet mitt. \u00c4r konstant i h\u00f6gvarv, sjukt jobbigt!<\/p>\n\n\n\n<p>Jag har f\u00e5tt n\u00e5gra avhopp g\u00e4llande Sommarkullen s\u00e5 n\u00e5gra \u00e4r aktuella f\u00f6r att tinga! I m\u00e5ndags var vi i Lund och h\u00e4mtade hem tv\u00e5 nya r\u00e5ttor. En liten Kanel och en liten Vera. Bilder kommer imorgon, dom \u00e4r s\u00e5 ljuvliga och sn\u00e4lla. Kanel \u00e4r cinnamon hooded och Vera \u00e4r jag n\u00e5got os\u00e4ker p\u00e5, men beige \u00e4r hon. Jag var \u00e4ven och simmade och spenderade n\u00e5gra timmar p\u00e5 Mediahuset <em>(alltid roligt).<\/em> Har storst\u00e4dat \u00f6verallt och ska \u00e4ven ta bilder i r\u00e5ttboden, jag \u00e4r s\u00e5 n\u00f6jd! <\/p>\n\n\n\n<figure class=\"wp-block-gallery has-nested-images columns-default is-cropped wp-block-gallery-1 is-layout-flex wp-block-gallery-is-layout-flex\">\n<figure class=\"wp-block-image size-large\"><img decoding=\"async\" data-id=\"366\" src=\"https:\/\/ewelyn.se\/wp-content\/uploads\/2025\/07\/DSC0088-1-1024x680.jpg\" alt=\"\" class=\"wp-image-366\"\/><\/figure>\n\n\n\n<figure class=\"wp-block-image size-large\"><img decoding=\"async\" data-id=\"362\" src=\"https:\/\/ewelyn.se\/wp-content\/uploads\/2025\/07\/DSC0069-1-scaled.jpg\" alt=\"\" class=\"wp-image-362\"\/><\/figure>\n\n\n\n<figure class=\"wp-block-image size-large\"><img decoding=\"async\" data-id=\"364\" src=\"https:\/\/ewelyn.se\/wp-content\/uploads\/2025\/07\/DSC0053-1-scaled.jpg\" alt=\"\" class=\"wp-image-364\"\/><\/figure>\n\n\n\n<figure class=\"wp-block-image size-large\"><img decoding=\"async\" data-id=\"363\" src=\"https:\/\/ewelyn.se\/wp-content\/uploads\/2025\/07\/DSC0067-1-698x1024.jpg\" alt=\"\" class=\"wp-image-363\"\/><\/figure>\n\n\n\n<figure class=\"wp-block-image size-full\"><img decoding=\"async\" data-id=\"365\" src=\"http:\/\/pinkjournal.se\/wp-content\/uploads\/2025\/07\/DSC0042-1.jpg\" alt=\"\" class=\"wp-image-365\"\/><\/figure>\n<\/figure>\n","protected":false},"excerpt":{"rendered":"<p>Hej! Denna veckan har varit fullproppad med saker, k\u00e4nner mig lite tom nu faktiskt. Nedan kommer en liten bunte foton jag tog f\u00f6rra veckan som &hellip; <\/p>\n","protected":false},"author":1,"featured_media":363,"comment_status":"open","ping_status":"open","sticky":false,"template":"","format":"standard","meta":{"footnotes":""},"categories":[3,4,8,12,22,39,41,28,34],"tags":[],"class_list":["post-361","post","type-post","status-publish","format-standard","has-post-thumbnail","hentry","category-01-personligt","category-02-fotografier","category-autism-adhd","category-ego","category-naturen","category-nikkor-35-70mm-3-3-4-5","category-nikon-d90","category-snicksnack","category-utrustning"],"_links":{"self":[{"href":"https:\/\/ewelyn.se\/index.php?rest_route=\/wp\/v2\/posts\/361","targetHints":{"allow":["GET"]}}],"collection":[{"href":"https:\/\/ewelyn.se\/index.php?rest_route=\/wp\/v2\/posts"}],"about":[{"href":"https:\/\/ewelyn.se\/index.php?rest_route=\/wp\/v2\/types\/post"}],"author":[{"embeddable":true,"href":"https:\/\/ewelyn.se\/index.php?rest_route=\/wp\/v2\/users\/1"}],"replies":[{"embeddable":true,"href":"https:\/\/ewelyn.se\/index.php?rest_route=%2Fwp%2Fv2%2Fcomments&post=361"}],"version-history":[{"count":0,"href":"https:\/\/ewelyn.se\/index.php?rest_route=\/wp\/v2\/posts\/361\/revisions"}],"wp:featuredmedia":[{"embeddable":true,"href":"https:\/\/ewelyn.se\/index.php?rest_route=\/wp\/v2\/media\/363"}],"wp:attachment":[{"href":"https:\/\/ewelyn.se\/index.php?rest_route=%2Fwp%2Fv2%2Fmedia&parent=361"}],"wp:term":[{"taxonomy":"category","embeddable":true,"href":"https:\/\/ewelyn.se\/index.php?rest_route=%2Fwp%2Fv2%2Fcategories&post=361"},{"taxonomy":"post_tag","embeddable":true,"href":"https:\/\/ewelyn.se\/index.php?rest_route=%2Fwp%2Fv2%2Ftags&post=361"}],"curies":[{"name":"wp","href":"https:\/\/api.w.org\/{rel}","templated":true}]}}