{"id":297,"date":"2025-07-17T09:22:20","date_gmt":"2025-07-17T09:22:20","guid":{"rendered":"https:\/\/pinkjournal.se\/?p=297"},"modified":"2025-07-17T09:22:20","modified_gmt":"2025-07-17T09:22:20","slug":"sommarkullen-28-dagar","status":"publish","type":"post","link":"https:\/\/ewelyn.se\/?p=297","title":{"rendered":"Sommarkullen 28 dagar"},"content":{"rendered":"\n<p>Hej! N\u00e4r jag g\u00e5r igenom mina blogginl\u00e4gg kom det som en liten chock att det verkligen g\u00e5tt 11 dagar mellan inl\u00e4ggen, vad h\u00e4nde liksom? Har det verkligen g\u00e5tt s\u00e5 l\u00e5ng tid? I och f\u00f6r sig s\u00e5 har det varit kaos s\u00e5 det kanske inte \u00e4r s\u00e5 konstigt. Jag har liksom inte kunnat f\u00e5 ta ett litet avbrott och kopplat av.<\/p>\n\n\n\n<p>V\u00e5r underbara Sommarkull fyller 4 veckor idag, galet vad tiden g\u00e5r fort. \u00c4lskade sm\u00e5 gryn! Idag har jag sepererat p\u00e5 hanar och honor f\u00f6r s\u00e4kerhetsskull. Jag har ett nytt objektiv jag inte hunnit testa \u00e4nnu s\u00e5 det ska bli roligt att f\u00e5 prova den p\u00e5 r\u00e5ttorna sen. Jag \u00e4r inte s\u00e5 j\u00e4tten\u00f6jd med bilden jag tagit ovanf\u00f6r liksom.<\/p>\n\n\n\n<p><em>Ja s\u00e5 ser det ut just nu!<\/em><\/p>\n","protected":false},"excerpt":{"rendered":"<p>Hej! N\u00e4r jag g\u00e5r igenom mina blogginl\u00e4gg kom det som en liten chock att det verkligen g\u00e5tt 11 dagar mellan inl\u00e4ggen, vad h\u00e4nde liksom? Har &hellip; <\/p>\n","protected":false},"author":1,"featured_media":295,"comment_status":"open","ping_status":"open","sticky":false,"template":"","format":"standard","meta":{"footnotes":""},"categories":[6,7,26,28,29],"tags":[],"class_list":["post-297","post","type-post","status-publish","format-standard","has-post-thumbnail","hentry","category-04-vardagligt","category-05-svansbarnen","category-rattorna","category-snicksnack","category-sommarkullen"],"_links":{"self":[{"href":"https:\/\/ewelyn.se\/index.php?rest_route=\/wp\/v2\/posts\/297","targetHints":{"allow":["GET"]}}],"collection":[{"href":"https:\/\/ewelyn.se\/index.php?rest_route=\/wp\/v2\/posts"}],"about":[{"href":"https:\/\/ewelyn.se\/index.php?rest_route=\/wp\/v2\/types\/post"}],"author":[{"embeddable":true,"href":"https:\/\/ewelyn.se\/index.php?rest_route=\/wp\/v2\/users\/1"}],"replies":[{"embeddable":true,"href":"https:\/\/ewelyn.se\/index.php?rest_route=%2Fwp%2Fv2%2Fcomments&post=297"}],"version-history":[{"count":0,"href":"https:\/\/ewelyn.se\/index.php?rest_route=\/wp\/v2\/posts\/297\/revisions"}],"wp:featuredmedia":[{"embeddable":true,"href":"https:\/\/ewelyn.se\/index.php?rest_route=\/wp\/v2\/media\/295"}],"wp:attachment":[{"href":"https:\/\/ewelyn.se\/index.php?rest_route=%2Fwp%2Fv2%2Fmedia&parent=297"}],"wp:term":[{"taxonomy":"category","embeddable":true,"href":"https:\/\/ewelyn.se\/index.php?rest_route=%2Fwp%2Fv2%2Fcategories&post=297"},{"taxonomy":"post_tag","embeddable":true,"href":"https:\/\/ewelyn.se\/index.php?rest_route=%2Fwp%2Fv2%2Ftags&post=297"}],"curies":[{"name":"wp","href":"https:\/\/api.w.org\/{rel}","templated":true}]}}