{"id":286,"date":"2025-07-06T12:28:37","date_gmt":"2025-07-06T12:28:37","guid":{"rendered":"https:\/\/pinkjournal.se\/?p=286"},"modified":"2025-07-06T12:28:37","modified_gmt":"2025-07-06T12:28:37","slug":"familjens-lilla-ljus","status":"publish","type":"post","link":"https:\/\/ewelyn.se\/?p=286","title":{"rendered":"Familjens lilla ljus"},"content":{"rendered":"\n<p>Hej! F\u00f6r sju veckor sedan f\u00f6ddes en ny familjemedlem, v\u00e4rldens finaste Ludde som jag fick tr\u00e4ffa f\u00f6r f\u00f6rsta g\u00e5ngen ig\u00e5r. F\u00f6r\u00e4ldrarna \u00e4r  min systerson och hans fru och dom \u00e4r s\u00e5 himla bra f\u00f6r\u00e4ldrar! Jag \u00e4r s\u00e5 f\u00f6r\u00e4lskad i denna lilla kille, \u00e4lskad fr\u00e5n f\u00f6rsta stund! Jag ser s\u00e5 fram emot att f\u00e5 tr\u00e4ffa honom m\u00e5nga g\u00e5nger, jag ska vara v\u00e4rldens b\u00e4sta tant Lucy till honom \u2661<\/p>\n\n\n\n<p>Fredde, min systerson har b\u00f6rjat fotografera massor och han \u00e4r s\u00e5 duktig. Som gammal hobbyfotograf \u00e4r jag s\u00e5 stolt faktiskt. Det var s\u00e5 roligt att h\u00e5lla i hans systemkamera och kolla alla objektiv, en gammal gl\u00e4dje v\u00e4cktes till liv i min sj\u00e4l. Dom kanske ska s\u00e4lja sitt gamla kamerahus och jag v\u00e4ntar p\u00e5 kostnadsf\u00f6rslag. Vi f\u00e5r se!<\/p>\n","protected":false},"excerpt":{"rendered":"<p>Hej! F\u00f6r sju veckor sedan f\u00f6ddes en ny familjemedlem, v\u00e4rldens finaste Ludde som jag fick tr\u00e4ffa f\u00f6r f\u00f6rsta g\u00e5ngen ig\u00e5r. F\u00f6r\u00e4ldrarna \u00e4r min systerson och &hellip; <\/p>\n","protected":false},"author":1,"featured_media":284,"comment_status":"open","ping_status":"open","sticky":false,"template":"","format":"standard","meta":{"footnotes":""},"categories":[3,4,6,12,13,25,28],"tags":[],"class_list":["post-286","post","type-post","status-publish","format-standard","has-post-thumbnail","hentry","category-01-personligt","category-02-fotografier","category-04-vardagligt","category-ego","category-familjen","category-portratt","category-snicksnack"],"_links":{"self":[{"href":"https:\/\/ewelyn.se\/index.php?rest_route=\/wp\/v2\/posts\/286","targetHints":{"allow":["GET"]}}],"collection":[{"href":"https:\/\/ewelyn.se\/index.php?rest_route=\/wp\/v2\/posts"}],"about":[{"href":"https:\/\/ewelyn.se\/index.php?rest_route=\/wp\/v2\/types\/post"}],"author":[{"embeddable":true,"href":"https:\/\/ewelyn.se\/index.php?rest_route=\/wp\/v2\/users\/1"}],"replies":[{"embeddable":true,"href":"https:\/\/ewelyn.se\/index.php?rest_route=%2Fwp%2Fv2%2Fcomments&post=286"}],"version-history":[{"count":0,"href":"https:\/\/ewelyn.se\/index.php?rest_route=\/wp\/v2\/posts\/286\/revisions"}],"wp:featuredmedia":[{"embeddable":true,"href":"https:\/\/ewelyn.se\/index.php?rest_route=\/wp\/v2\/media\/284"}],"wp:attachment":[{"href":"https:\/\/ewelyn.se\/index.php?rest_route=%2Fwp%2Fv2%2Fmedia&parent=286"}],"wp:term":[{"taxonomy":"category","embeddable":true,"href":"https:\/\/ewelyn.se\/index.php?rest_route=%2Fwp%2Fv2%2Fcategories&post=286"},{"taxonomy":"post_tag","embeddable":true,"href":"https:\/\/ewelyn.se\/index.php?rest_route=%2Fwp%2Fv2%2Ftags&post=286"}],"curies":[{"name":"wp","href":"https:\/\/api.w.org\/{rel}","templated":true}]}}