{"id":276,"date":"2025-07-01T12:41:20","date_gmt":"2025-07-01T12:41:20","guid":{"rendered":"https:\/\/pinkjournal.se\/?p=276"},"modified":"2025-07-01T12:41:20","modified_gmt":"2025-07-01T12:41:20","slug":"de-sista-smattingarna","status":"publish","type":"post","link":"https:\/\/ewelyn.se\/?p=276","title":{"rendered":"De sista sm\u00e5ttingarna"},"content":{"rendered":"\n<p>Hej! Imorgon flyttar de tv\u00e5 sista bebisarna fr\u00e5n Molnkullen. Har dock en liten tjej kvar som blev \u00f6ver, s\u00e5 om n\u00e5gon \u00e4r intresserad av en ljuvlig svart dumbo tjej s\u00e5 \u00e4r hon fortfarande tillg\u00e4nglig. Hon blir 8 veckor gammal p\u00e5 fredag! <\/p>\n","protected":false},"excerpt":{"rendered":"<p>Hej! Imorgon flyttar de tv\u00e5 sista bebisarna fr\u00e5n Molnkullen. Har dock en liten tjej kvar som blev \u00f6ver, s\u00e5 om n\u00e5gon \u00e4r intresserad av en &hellip; <\/p>\n","protected":false},"author":1,"featured_media":277,"comment_status":"open","ping_status":"open","sticky":false,"template":"","format":"standard","meta":{"footnotes":""},"categories":[7,38,26],"tags":[],"class_list":["post-276","post","type-post","status-publish","format-standard","has-post-thumbnail","hentry","category-05-svansbarnen","category-molnkullen","category-rattorna"],"_links":{"self":[{"href":"https:\/\/ewelyn.se\/index.php?rest_route=\/wp\/v2\/posts\/276","targetHints":{"allow":["GET"]}}],"collection":[{"href":"https:\/\/ewelyn.se\/index.php?rest_route=\/wp\/v2\/posts"}],"about":[{"href":"https:\/\/ewelyn.se\/index.php?rest_route=\/wp\/v2\/types\/post"}],"author":[{"embeddable":true,"href":"https:\/\/ewelyn.se\/index.php?rest_route=\/wp\/v2\/users\/1"}],"replies":[{"embeddable":true,"href":"https:\/\/ewelyn.se\/index.php?rest_route=%2Fwp%2Fv2%2Fcomments&post=276"}],"version-history":[{"count":0,"href":"https:\/\/ewelyn.se\/index.php?rest_route=\/wp\/v2\/posts\/276\/revisions"}],"wp:featuredmedia":[{"embeddable":true,"href":"https:\/\/ewelyn.se\/index.php?rest_route=\/wp\/v2\/media\/277"}],"wp:attachment":[{"href":"https:\/\/ewelyn.se\/index.php?rest_route=%2Fwp%2Fv2%2Fmedia&parent=276"}],"wp:term":[{"taxonomy":"category","embeddable":true,"href":"https:\/\/ewelyn.se\/index.php?rest_route=%2Fwp%2Fv2%2Fcategories&post=276"},{"taxonomy":"post_tag","embeddable":true,"href":"https:\/\/ewelyn.se\/index.php?rest_route=%2Fwp%2Fv2%2Ftags&post=276"}],"curies":[{"name":"wp","href":"https:\/\/api.w.org\/{rel}","templated":true}]}}