{"id":257,"date":"2025-07-01T11:16:21","date_gmt":"2025-07-01T11:16:21","guid":{"rendered":"https:\/\/pinkjournal.se\/?p=257"},"modified":"2025-07-01T11:16:21","modified_gmt":"2025-07-01T11:16:21","slug":"kommit-igang-i-djurrummet","status":"publish","type":"post","link":"https:\/\/ewelyn.se\/?p=257","title":{"rendered":"Kommit ig\u00e5ng i djurrummet"},"content":{"rendered":"\n<p>Hej! Oj vad jag \u00e4r tr\u00f6tt och sliten. Men blev glad n\u00e4r jag fick ett meddelande fr\u00e5n en r\u00e5ttk\u00f6pare att allt g\u00e5r j\u00e4ttebra med bebisarna och de trivs bra med sina \u00e4ldre nya kompisar. Hur kul \u00e4r inte det att h\u00f6ra? Jag m\u00e5r iallafall d\u00e5ligt idag pga v\u00e4rk och f\u00f6rkylning. Har ont i bih\u00e5lorna, s\u00e5 det blev ingen visit till m\u00e5largruppen idag s\u00e5 jag hoppas jag m\u00e5r bra s\u00e5 jag kan g\u00e5 dit n\u00e4sta tisdag. Tycker s\u00e5 mycket om att vara d\u00e4r faktiskt.<\/p>\n\n\n\n<p>Ig\u00e5r tapetserade vi tv\u00e5 v\u00e4ggar i djurrummet. Hade en himla massa tapet redan som vi tog lite av. Ville egentligen ha en medaljongtapet men hade knappt en rulle kvar. Den \u00e4r runt 16 \u00e5r gammal s\u00e5 g\u00e5r inte att hitta l\u00e4ngre. S\u00e5 trist. Men blev \u00e4nd\u00e5 n\u00f6jd med den enf\u00e4rgade. Har best\u00e4llt hem posters och ska s\u00e4tta upp en svart hylla. Nu har jag tv\u00e5 veckor p\u00e5 mig att skrapa bort gammal f\u00e4rg p\u00e5 golvet och skrubba rent resten av &#8221;lilla l\u00e4genheten&#8221;. Jag var \u00e4ven inom Rusta ig\u00e5r och k\u00f6pte en liten matta till hallen, golvfl\u00e4kt, rullvagn, diskborste och doftblock. Jag har \u00e4ven best\u00e4llt en svart gr\u00e5 matt dekorplast jag ska ha p\u00e5 tv\u00e5 tr\u00e4f\u00e4rgade garderobsd\u00f6rrar. Hoppas jag best\u00e4llt tillr\u00e4ckligt f\u00f6r annars f\u00e5r jag best\u00e4lla fler. <\/p>\n\n\n\n<p>Jag skrev ju tv\u00e5 veckor, ja f\u00f6r att den 14:e beger vi oss med bil och sl\u00e4p till grannl\u00e4net och h\u00e4mtar min stora <a href=\"https:\/\/www.zoo.se\/smadjur\/produkter\/royal-xl-super-de-luxe-small-animal-cage?p=230635001\" data-type=\"link\" data-id=\"https:\/\/www.zoo.se\/smadjur\/produkter\/royal-xl-super-de-luxe-small-animal-cage?p=230635001\">Savic Royal XL.<\/a> Den har st\u00e5tt tom i \u00e4lsklingen l\u00e4genhet i ett \u00e5r nu. S\u00e5 det ska bli v\u00e4ldigt roligt att f\u00e5 hem min k\u00e4raste \u00e4godel. Sen har jag ett stort terrarium jag ska ta med hem till mina framtida m\u00f6ss. <\/p>\n","protected":false},"excerpt":{"rendered":"<p>Hej! Oj vad jag \u00e4r tr\u00f6tt och sliten. Men blev glad n\u00e4r jag fick ett meddelande fr\u00e5n en r\u00e5ttk\u00f6pare att allt g\u00e5r j\u00e4ttebra med bebisarna &hellip; <\/p>\n","protected":false},"author":1,"featured_media":258,"comment_status":"open","ping_status":"open","sticky":false,"template":"","format":"standard","meta":{"footnotes":""},"categories":[3,6,7,14,15,26,28],"tags":[],"class_list":["post-257","post","type-post","status-publish","format-standard","has-post-thumbnail","hentry","category-01-personligt","category-04-vardagligt","category-05-svansbarnen","category-fibromyalgi","category-hemma-hos","category-rattorna","category-snicksnack"],"_links":{"self":[{"href":"https:\/\/ewelyn.se\/index.php?rest_route=\/wp\/v2\/posts\/257","targetHints":{"allow":["GET"]}}],"collection":[{"href":"https:\/\/ewelyn.se\/index.php?rest_route=\/wp\/v2\/posts"}],"about":[{"href":"https:\/\/ewelyn.se\/index.php?rest_route=\/wp\/v2\/types\/post"}],"author":[{"embeddable":true,"href":"https:\/\/ewelyn.se\/index.php?rest_route=\/wp\/v2\/users\/1"}],"replies":[{"embeddable":true,"href":"https:\/\/ewelyn.se\/index.php?rest_route=%2Fwp%2Fv2%2Fcomments&post=257"}],"version-history":[{"count":0,"href":"https:\/\/ewelyn.se\/index.php?rest_route=\/wp\/v2\/posts\/257\/revisions"}],"wp:featuredmedia":[{"embeddable":true,"href":"https:\/\/ewelyn.se\/index.php?rest_route=\/wp\/v2\/media\/258"}],"wp:attachment":[{"href":"https:\/\/ewelyn.se\/index.php?rest_route=%2Fwp%2Fv2%2Fmedia&parent=257"}],"wp:term":[{"taxonomy":"category","embeddable":true,"href":"https:\/\/ewelyn.se\/index.php?rest_route=%2Fwp%2Fv2%2Fcategories&post=257"},{"taxonomy":"post_tag","embeddable":true,"href":"https:\/\/ewelyn.se\/index.php?rest_route=%2Fwp%2Fv2%2Ftags&post=257"}],"curies":[{"name":"wp","href":"https:\/\/api.w.org\/{rel}","templated":true}]}}