{"id":243,"date":"2025-06-28T09:26:31","date_gmt":"2025-06-28T09:26:31","guid":{"rendered":"https:\/\/pinkjournal.se\/?p=243"},"modified":"2025-06-28T09:26:31","modified_gmt":"2025-06-28T09:26:31","slug":"ny-soffa-i-djurrummet","status":"publish","type":"post","link":"https:\/\/ewelyn.se\/?p=243","title":{"rendered":"Ny soffa i djurrummet"},"content":{"rendered":"\n<p>Hej! Idag har jag f\u00e5tt en del gjort idag. Vi satte ihop soffan jag k\u00f6pte ig\u00e5r till r\u00e5ttornas lilla hus. Ja vad ska man kalla det? Rum? L\u00e4genhet? D\u00e4r \u00e4r ju dusch och toalett men \u00e4ven kokvr\u00e5. Jag \u00e4r n\u00f6jd med soffan och den \u00e4r sk\u00f6n att sitta i ocks\u00e5. Blir en bra \u00f6vernattningssoffa med. Wifi&#8217;t n\u00e5r ut dit ocks\u00e5 f\u00f6rresten. Vi ska tapetsera upp en ljus om\u00f6nstrad tapet vi hade i garderoben. Jag tittade lite p\u00e5 m\u00f6nstrade men dom var ju dyrt och jag tr\u00f6ttnar l\u00e4tt p\u00e5 f\u00e4rg. S\u00e5 det blir b\u00e4ttre att kunna inreda f\u00e4rgm\u00e4ssigt ist\u00e4llet.<\/p>\n\n\n\n<p>Sen ska jag skrapa bort f\u00e4rg p\u00e5 golvet, f\u00e5 upp dekorplast p\u00e5 garderobsd\u00f6rrarna som \u00e4r i en ful tr\u00e4f\u00e4rg. Sen stor st\u00e4da. I sommar f\u00e5r jag hem min Savic XL igen, som jag och r\u00e5ttorna l\u00e4ngtar!<\/p>\n","protected":false},"excerpt":{"rendered":"<p>Hej! Idag har jag f\u00e5tt en del gjort idag. Vi satte ihop soffan jag k\u00f6pte ig\u00e5r till r\u00e5ttornas lilla hus. Ja vad ska man kalla &hellip; <\/p>\n","protected":false},"author":1,"featured_media":244,"comment_status":"open","ping_status":"open","sticky":false,"template":"","format":"standard","meta":{"footnotes":""},"categories":[6,7,15,26],"tags":[],"class_list":["post-243","post","type-post","status-publish","format-standard","has-post-thumbnail","hentry","category-04-vardagligt","category-05-svansbarnen","category-hemma-hos","category-rattorna"],"_links":{"self":[{"href":"https:\/\/ewelyn.se\/index.php?rest_route=\/wp\/v2\/posts\/243","targetHints":{"allow":["GET"]}}],"collection":[{"href":"https:\/\/ewelyn.se\/index.php?rest_route=\/wp\/v2\/posts"}],"about":[{"href":"https:\/\/ewelyn.se\/index.php?rest_route=\/wp\/v2\/types\/post"}],"author":[{"embeddable":true,"href":"https:\/\/ewelyn.se\/index.php?rest_route=\/wp\/v2\/users\/1"}],"replies":[{"embeddable":true,"href":"https:\/\/ewelyn.se\/index.php?rest_route=%2Fwp%2Fv2%2Fcomments&post=243"}],"version-history":[{"count":0,"href":"https:\/\/ewelyn.se\/index.php?rest_route=\/wp\/v2\/posts\/243\/revisions"}],"wp:featuredmedia":[{"embeddable":true,"href":"https:\/\/ewelyn.se\/index.php?rest_route=\/wp\/v2\/media\/244"}],"wp:attachment":[{"href":"https:\/\/ewelyn.se\/index.php?rest_route=%2Fwp%2Fv2%2Fmedia&parent=243"}],"wp:term":[{"taxonomy":"category","embeddable":true,"href":"https:\/\/ewelyn.se\/index.php?rest_route=%2Fwp%2Fv2%2Fcategories&post=243"},{"taxonomy":"post_tag","embeddable":true,"href":"https:\/\/ewelyn.se\/index.php?rest_route=%2Fwp%2Fv2%2Ftags&post=243"}],"curies":[{"name":"wp","href":"https:\/\/api.w.org\/{rel}","templated":true}]}}