{"id":211,"date":"2025-06-26T13:37:36","date_gmt":"2025-06-26T13:37:36","guid":{"rendered":"http:\/\/pinkjournal.se\/?p=211"},"modified":"2025-06-26T13:37:36","modified_gmt":"2025-06-26T13:37:36","slug":"vilsen-i-dagarna","status":"publish","type":"post","link":"https:\/\/ewelyn.se\/?p=211","title":{"rendered":"Vilsen i dagarna"},"content":{"rendered":"\n<p>Hej! Idag \u00e4r det en s\u00e5n jobbig dag. Vill ligga under t\u00e4cket och ha en ny bra dag. Har sovit mycket, antar att min kropp beh\u00f6vde det. Jag \u00e4r v\u00e4ldigt vilsen i dagarna. Sedan i m\u00e5ndags har jag hela tiden trott att vi \u00e4r en dag senare. S\u00e5 idag k\u00e4nns som fredag och \u00e4lsklingen ska komma p\u00e5 fredag och han \u00e4r inte h\u00e4r \u00e4n. K\u00e4nner mig lite kn\u00e4pp faktiskt.<\/p>\n\n\n\n<p>I eftermiddags var jag ute i r\u00e5ttornas nya paradis, ska kalla den det, lilla l\u00e4genheten p\u00e5 tomten. Det har faktiskt varit ett stort f\u00f6rr\u00e5d f\u00f6rut. S\u00e5 jag har iallafall m\u00e5ttat v\u00e4ggar och tak. Tittat lite p\u00e5 tapeter p\u00e5 datorn, men sen kom pappa och ber\u00e4ttade att vi faktiskt har en massa tapeter i garaget jag kan kolla p\u00e5. S\u00e5 det ska jag g\u00f6ra f\u00f6rst! P\u00e5 l\u00f6rdag ska syrran komma och ta alla sina saker som st\u00e5r d\u00e4r. Sk\u00f6nt!<\/p>\n","protected":false},"excerpt":{"rendered":"<p>Hej! Idag \u00e4r det en s\u00e5n jobbig dag. Vill ligga under t\u00e4cket och ha en ny bra dag. Har sovit mycket, antar att min kropp &hellip; <\/p>\n","protected":false},"author":1,"featured_media":150,"comment_status":"open","ping_status":"open","sticky":false,"template":"","format":"standard","meta":{"footnotes":""},"categories":[3,4,6,12,22,28],"tags":[],"class_list":["post-211","post","type-post","status-publish","format-standard","has-post-thumbnail","hentry","category-01-personligt","category-02-fotografier","category-04-vardagligt","category-ego","category-naturen","category-snicksnack"],"_links":{"self":[{"href":"https:\/\/ewelyn.se\/index.php?rest_route=\/wp\/v2\/posts\/211","targetHints":{"allow":["GET"]}}],"collection":[{"href":"https:\/\/ewelyn.se\/index.php?rest_route=\/wp\/v2\/posts"}],"about":[{"href":"https:\/\/ewelyn.se\/index.php?rest_route=\/wp\/v2\/types\/post"}],"author":[{"embeddable":true,"href":"https:\/\/ewelyn.se\/index.php?rest_route=\/wp\/v2\/users\/1"}],"replies":[{"embeddable":true,"href":"https:\/\/ewelyn.se\/index.php?rest_route=%2Fwp%2Fv2%2Fcomments&post=211"}],"version-history":[{"count":0,"href":"https:\/\/ewelyn.se\/index.php?rest_route=\/wp\/v2\/posts\/211\/revisions"}],"wp:featuredmedia":[{"embeddable":true,"href":"https:\/\/ewelyn.se\/index.php?rest_route=\/wp\/v2\/media\/150"}],"wp:attachment":[{"href":"https:\/\/ewelyn.se\/index.php?rest_route=%2Fwp%2Fv2%2Fmedia&parent=211"}],"wp:term":[{"taxonomy":"category","embeddable":true,"href":"https:\/\/ewelyn.se\/index.php?rest_route=%2Fwp%2Fv2%2Fcategories&post=211"},{"taxonomy":"post_tag","embeddable":true,"href":"https:\/\/ewelyn.se\/index.php?rest_route=%2Fwp%2Fv2%2Ftags&post=211"}],"curies":[{"name":"wp","href":"https:\/\/api.w.org\/{rel}","templated":true}]}}