{"id":199,"date":"2025-06-24T15:41:17","date_gmt":"2025-06-24T15:41:17","guid":{"rendered":"https:\/\/pinkjournal.se\/?p=199"},"modified":"2025-06-24T15:41:17","modified_gmt":"2025-06-24T15:41:17","slug":"onskan-att-ma-bra","status":"publish","type":"post","link":"https:\/\/ewelyn.se\/?p=199","title":{"rendered":"\u00d6nskan att m\u00e5 bra"},"content":{"rendered":"\n<p>Hej! Usch k\u00e4nner mig inget vidare just nu. Blev j\u00e4tte nedst\u00e4md och har \u00e5ngest. Fick tips av min b\u00e4stis att skriva i bloggen f\u00f6r det hj\u00e4lper mig att f\u00e5 ventilera. Jag har ju olika diagnoser som p\u00e5verkar mig och mitt liv. Vissa k\u00e4nner kanske skam, jag vet inte hur jag k\u00e4nner. Jag skiljer mig fr\u00e5n andra, det vet jag.<\/p>\n\n\n\n<p>Jag lider av depression och \u00e5ngestattacker. Jag tror det b\u00f6rjade f\u00f6r n\u00e4stan 18 \u00e5r sedan efter en familjetragedi som f\u00f6r\u00e4ndrade mig och mitt liv. Det var l\u00e4ngesen men det har satt sina sp\u00e5r. Jag har varit utbr\u00e4nd m\u00e5nga g\u00e5nger och har \u00e4ven Autism och ADHD &#8211; diagnoser jag fick i vuxen \u00e5lder, ett halv\u00e5r sedan f\u00f6r att vara exakt. Jag b\u00f6rjar l\u00e4ra mig en ny sida av mig sj\u00e4lv. Jag b\u00f6rjar f\u00f6rst\u00e5 varf\u00f6r jag var och \u00e4r som jag \u00e4r. Det \u00e4r l\u00e4rorikt och intressant. <br><\/p>\n\n\n\n<p>Kronisk v\u00e4rk har jag levt med v\u00e4ldigt l\u00e4nge. Jag har fibromyalgi, diskbr\u00e5ck och artros. Detta p\u00e5verkar mig psykiskt med. Jag \u00e4r v\u00e4ldigt ledsen att jag drabbats av detta. Jag saknar livet f\u00f6rr n\u00e4r jag inte m\u00e5dde s\u00e5 som jag m\u00e5r idag. Jag k\u00e4nner mig s\u00e5 himla <strong>BEGR\u00c4NSAD. <\/strong>Men n\u00e5got som ger mig mycket hopp, styrka och gl\u00e4dje i livet \u00e4r det finaste i livet, barnen, n\u00e4ra &amp; k\u00e4ra och djuren.<\/p>\n","protected":false},"excerpt":{"rendered":"<p>Hej! Usch k\u00e4nner mig inget vidare just nu. Blev j\u00e4tte nedst\u00e4md och har \u00e5ngest. Fick tips av min b\u00e4stis att skriva i bloggen f\u00f6r det &hellip; <\/p>\n","protected":false},"author":1,"featured_media":200,"comment_status":"open","ping_status":"open","sticky":false,"template":"","format":"standard","meta":{"footnotes":""},"categories":[3,8,14],"tags":[],"class_list":["post-199","post","type-post","status-publish","format-standard","has-post-thumbnail","hentry","category-01-personligt","category-autism-adhd","category-fibromyalgi"],"_links":{"self":[{"href":"https:\/\/ewelyn.se\/index.php?rest_route=\/wp\/v2\/posts\/199","targetHints":{"allow":["GET"]}}],"collection":[{"href":"https:\/\/ewelyn.se\/index.php?rest_route=\/wp\/v2\/posts"}],"about":[{"href":"https:\/\/ewelyn.se\/index.php?rest_route=\/wp\/v2\/types\/post"}],"author":[{"embeddable":true,"href":"https:\/\/ewelyn.se\/index.php?rest_route=\/wp\/v2\/users\/1"}],"replies":[{"embeddable":true,"href":"https:\/\/ewelyn.se\/index.php?rest_route=%2Fwp%2Fv2%2Fcomments&post=199"}],"version-history":[{"count":0,"href":"https:\/\/ewelyn.se\/index.php?rest_route=\/wp\/v2\/posts\/199\/revisions"}],"wp:featuredmedia":[{"embeddable":true,"href":"https:\/\/ewelyn.se\/index.php?rest_route=\/wp\/v2\/media\/200"}],"wp:attachment":[{"href":"https:\/\/ewelyn.se\/index.php?rest_route=%2Fwp%2Fv2%2Fmedia&parent=199"}],"wp:term":[{"taxonomy":"category","embeddable":true,"href":"https:\/\/ewelyn.se\/index.php?rest_route=%2Fwp%2Fv2%2Fcategories&post=199"},{"taxonomy":"post_tag","embeddable":true,"href":"https:\/\/ewelyn.se\/index.php?rest_route=%2Fwp%2Fv2%2Ftags&post=199"}],"curies":[{"name":"wp","href":"https:\/\/api.w.org\/{rel}","templated":true}]}}