{"id":193,"date":"2025-06-24T14:50:04","date_gmt":"2025-06-24T14:50:04","guid":{"rendered":"https:\/\/pinkjournal.se\/?p=193"},"modified":"2025-06-24T14:50:04","modified_gmt":"2025-06-24T14:50:04","slug":"det-vore-ju-en-drom","status":"publish","type":"post","link":"https:\/\/ewelyn.se\/?p=193","title":{"rendered":"Det vore ju en dr\u00f6m"},"content":{"rendered":"\n<p>Hej! Jag m\u00e5ste bara ber\u00e4tta. R\u00e5ttorna ska f\u00e5 ett eget rum. Jag f\u00e5r m\u00f6jlighet att anv\u00e4nda en liten etta till mina r\u00e5ttor. Vi har ett gammalt stort f\u00f6rr\u00e5d som byggdes om till en liten l\u00e4genhet som hyrts ut. Nu har det st\u00e5tt tomt i m\u00e5nga \u00e5r f\u00f6r mamma och pappa vill inte ha fler hyresg\u00e4ster efter d\u00e5lig erfarenhet av dom. Det \u00e4r en del att g\u00f6ra d\u00e4r. Saker ska ut och det ska m\u00e5las om. Jag \u00e4r sjukt inne p\u00e5 rosa, det \u00e4r ju trots allt min favoritf\u00e4rg men sen lutar jag m\u00f6jligtvis mot gr\u00f6nt f\u00f6r det tycker jag ocks\u00e5 \u00e4r fint &#8211; i r\u00e4tt toner. <\/p>\n\n\n\n<p>Det b\u00e4sta \u00e4r att det s\u00e5klart finns ett mindre k\u00f6k och toalett\/dusch. T\u00e4nkte ha en soffa man \u00e4venn kan sova i. En tv m\u00e5ste man ha. Allt hade varit s\u00e5 mysigt! HOPPAS HOPPAS HOPPAS!<\/p>\n","protected":false},"excerpt":{"rendered":"<p>Hej! Jag m\u00e5ste bara ber\u00e4tta. R\u00e5ttorna ska f\u00e5 ett eget rum. Jag f\u00e5r m\u00f6jlighet att anv\u00e4nda en liten etta till mina r\u00e5ttor. Vi har ett &hellip; <\/p>\n","protected":false},"author":1,"featured_media":194,"comment_status":"open","ping_status":"open","sticky":false,"template":"","format":"standard","meta":{"footnotes":""},"categories":[3,6,7,12,15,26,28],"tags":[],"class_list":["post-193","post","type-post","status-publish","format-standard","has-post-thumbnail","hentry","category-01-personligt","category-04-vardagligt","category-05-svansbarnen","category-ego","category-hemma-hos","category-rattorna","category-snicksnack"],"_links":{"self":[{"href":"https:\/\/ewelyn.se\/index.php?rest_route=\/wp\/v2\/posts\/193","targetHints":{"allow":["GET"]}}],"collection":[{"href":"https:\/\/ewelyn.se\/index.php?rest_route=\/wp\/v2\/posts"}],"about":[{"href":"https:\/\/ewelyn.se\/index.php?rest_route=\/wp\/v2\/types\/post"}],"author":[{"embeddable":true,"href":"https:\/\/ewelyn.se\/index.php?rest_route=\/wp\/v2\/users\/1"}],"replies":[{"embeddable":true,"href":"https:\/\/ewelyn.se\/index.php?rest_route=%2Fwp%2Fv2%2Fcomments&post=193"}],"version-history":[{"count":0,"href":"https:\/\/ewelyn.se\/index.php?rest_route=\/wp\/v2\/posts\/193\/revisions"}],"wp:featuredmedia":[{"embeddable":true,"href":"https:\/\/ewelyn.se\/index.php?rest_route=\/wp\/v2\/media\/194"}],"wp:attachment":[{"href":"https:\/\/ewelyn.se\/index.php?rest_route=%2Fwp%2Fv2%2Fmedia&parent=193"}],"wp:term":[{"taxonomy":"category","embeddable":true,"href":"https:\/\/ewelyn.se\/index.php?rest_route=%2Fwp%2Fv2%2Fcategories&post=193"},{"taxonomy":"post_tag","embeddable":true,"href":"https:\/\/ewelyn.se\/index.php?rest_route=%2Fwp%2Fv2%2Ftags&post=193"}],"curies":[{"name":"wp","href":"https:\/\/api.w.org\/{rel}","templated":true}]}}