{"id":175,"date":"2025-06-24T11:04:04","date_gmt":"2025-06-24T11:04:04","guid":{"rendered":"http:\/\/pinkjournal.se\/?p=175"},"modified":"2025-06-24T11:04:04","modified_gmt":"2025-06-24T11:04:04","slug":"ibland-ar-det-bara-sa-mysigt","status":"publish","type":"post","link":"https:\/\/ewelyn.se\/?p=175","title":{"rendered":"Ibland \u00e4r det bara s\u00e5 mysigt"},"content":{"rendered":"\n<p>Hej! D\u00e5 var halva dagen avklarad och jag l\u00e4ngtar redan till kv\u00e4llen f\u00f6r d\u00e5 ska jag b\u00e4dda ner mig under dunt\u00e4cket och sova i soffan p\u00e5 terassen. \u00c4lskar att sova d\u00e4r ute p\u00e5 somrarna. Jag sitter h\u00e4r ute nu och skriver. Pappa sitter i f\u00e5t\u00f6ljen mittemot och g\u00f6r sina korsord p\u00e5 sin padda. Tycker vi har det s\u00e5 trevligt s\u00e5h\u00e4r. Mysigt!<\/p>\n\n\n\n<p>Idag var jag p\u00e5 mitt DV &#8211; m\u00e5largruppen som vi kallar det. Fr\u00e5n och med nu skriver jag att jag varit hos m\u00e5largruppen. Det var lika mysigt som vanligt och det \u00e4r s\u00e5 roligt att tr\u00e4ffa Emma. L\u00e4ngesen vi s\u00e5gs d\u00e5 jag inte kom f\u00f6rra veckan pga extrem tr\u00e4ningsv\u00e4rk i vaderna. Det gick ju knappt att g\u00e5 och jag kunde knappt g\u00e5. S\u00e5 det var roligt att jag k\u00e4nner mig b\u00e4ttre idag. Idag orkade jag knappt g\u00f6ra n\u00e5got. Jag grejade lite med min Bullet Journal, men allt blev fel f\u00f6r jag t\u00e4nkter inte tv\u00e5 g\u00e5nger innan jag g\u00f6r n\u00e5got s\u00e5 saker blev helt fel. Bl.a skrev jag alla juli m\u00f6ten under augusti m\u00e5nad. S\u00e5 st\u00f6rigt!<\/p>\n\n\n\n<p>Jag har mycket <strong>fibrov\u00e4rk <\/strong>idag. G\u00f6r ont i hela kroppen. K\u00e4nner mig m\u00f6rbultad och kommer nog inte f\u00e5  mycket gjort idag. Sen ska jag iallafall laga tacos till oss, ska bli j\u00e4ttegott. Och jag tinar upp \u00e4rtor nu och r\u00e5ttorna ska f\u00e5 pasta med okyddad k\u00f6ttf\u00e4rs, gurka och \u00e4rtor idag. Dom \u00e4r s\u00e5 tacksamma f\u00f6r allt dom f\u00e5r  mina \u00e4lskade sm\u00e5 svansbarn \ud83d\udda4<\/p>\n\n\n\n<p><em>Idag blev det en vacker bild p\u00e5 blommorna vi har ute. Vackra pioner!<\/em><\/p>\n","protected":false},"excerpt":{"rendered":"<p>Hej! D\u00e5 var halva dagen avklarad och jag l\u00e4ngtar redan till kv\u00e4llen f\u00f6r d\u00e5 ska jag b\u00e4dda ner mig under dunt\u00e4cket och sova i soffan &hellip; <\/p>\n","protected":false},"author":1,"featured_media":112,"comment_status":"open","ping_status":"open","sticky":false,"template":"","format":"standard","meta":{"footnotes":""},"categories":[3,4,6,12,22,28],"tags":[],"class_list":["post-175","post","type-post","status-publish","format-standard","has-post-thumbnail","hentry","category-01-personligt","category-02-fotografier","category-04-vardagligt","category-ego","category-naturen","category-snicksnack"],"_links":{"self":[{"href":"https:\/\/ewelyn.se\/index.php?rest_route=\/wp\/v2\/posts\/175","targetHints":{"allow":["GET"]}}],"collection":[{"href":"https:\/\/ewelyn.se\/index.php?rest_route=\/wp\/v2\/posts"}],"about":[{"href":"https:\/\/ewelyn.se\/index.php?rest_route=\/wp\/v2\/types\/post"}],"author":[{"embeddable":true,"href":"https:\/\/ewelyn.se\/index.php?rest_route=\/wp\/v2\/users\/1"}],"replies":[{"embeddable":true,"href":"https:\/\/ewelyn.se\/index.php?rest_route=%2Fwp%2Fv2%2Fcomments&post=175"}],"version-history":[{"count":0,"href":"https:\/\/ewelyn.se\/index.php?rest_route=\/wp\/v2\/posts\/175\/revisions"}],"wp:featuredmedia":[{"embeddable":true,"href":"https:\/\/ewelyn.se\/index.php?rest_route=\/wp\/v2\/media\/112"}],"wp:attachment":[{"href":"https:\/\/ewelyn.se\/index.php?rest_route=%2Fwp%2Fv2%2Fmedia&parent=175"}],"wp:term":[{"taxonomy":"category","embeddable":true,"href":"https:\/\/ewelyn.se\/index.php?rest_route=%2Fwp%2Fv2%2Fcategories&post=175"},{"taxonomy":"post_tag","embeddable":true,"href":"https:\/\/ewelyn.se\/index.php?rest_route=%2Fwp%2Fv2%2Ftags&post=175"}],"curies":[{"name":"wp","href":"https:\/\/api.w.org\/{rel}","templated":true}]}}