{"id":1443,"date":"2026-01-21T14:24:24","date_gmt":"2026-01-21T14:24:24","guid":{"rendered":"https:\/\/pinkjournal.se\/?p=1099"},"modified":"2026-01-21T14:24:24","modified_gmt":"2026-01-21T14:24:24","slug":"degkris-mellan-boklasningen","status":"publish","type":"post","link":"https:\/\/ewelyn.se\/?p=1443","title":{"rendered":"Degkris mellan bokl\u00e4sningen"},"content":{"rendered":"\n<p class=\"p1\">Hej! Nu j\u00e4ser mina dumma semmelbullar. Ja, jag s\u00e4ger dumma \u2013 f\u00f6r det h\u00e4r var inte n\u00e5gon romantisk bakstund och mysig musik i bakgrunden. Det h\u00e4r var ett tr\u00e4ningspass f\u00f6r \u00f6verkroppen. Degen var seg och jag har nu b\u00e5de muskelv\u00e4rk i armarna och mj\u00f6lksyra fr\u00e5n helvetet efter att ha rullat de d\u00e4r j\u00e4vlarna. Seri\u00f6st, jag \u00f6verv\u00e4gde flera g\u00e5nger att bara \u00f6ppna f\u00f6nstret och kasta ut hela degen. Men vi tog oss igenom det tillsammans. Nu ska de i alla fall j\u00e4sa i 2\u20133 timmar <em>(lyxigt \u00e4nd\u00e5), <\/em>s\u00e5 jag har \u00e4ntligen f\u00e5tt lite paus. Snart \u00e4r det bara pensling och swisch in i ugnen. F\u00f6rhoppningsvis utan n\u00e5gon tragisk olycka!<\/p>\n\n\n\n<p class=\"p1\">Som om inte det r\u00e4ckte s\u00e5 fick jag mj\u00f6l \u00f6verallt. P\u00e5 kl\u00e4derna, i h\u00e5ret, p\u00e5 st\u00e4llen d\u00e4r mj\u00f6l absolut inte h\u00f6r hemma. Kul! Verkligen toppen. Mellan degkriserna har jag faktiskt hunnit l\u00e4sa lite i boken, storst\u00e4dat badrummet och renb\u00e4ddat g\u00e4strummet. K\u00e4nner mig \u00e4nd\u00e5 r\u00e4tt produktiv trots allt.<\/p>\n\n\n\n<p class=\"p1\">Imorgon kv\u00e4ll kommer min fina lillebror hit fr\u00e5n Finland. Det ska bli s\u00e5 mysigt att f\u00e5 tr\u00e4ffa honom. Han kommer ocks\u00e5 att n\u00e4rvara p\u00e5 min fasters begravning. Jag kommer tyv\u00e4rr inte kunna f\u00f6lja med \u2013 det \u00e4r en l\u00e5ng bilresa fram och tillbaka, och med v\u00e4rken i kroppen hade alla vibrationer blivit alldeles f\u00f6r mycket. Det k\u00e4nns s\u00e5klart tr\u00e5kigt, men ibland m\u00e5ste man lyssna p\u00e5 kroppen, \u00e4ven n\u00e4r hj\u00e4rtat vill annat.<\/p>\n\n\n\n<p class=\"p1\">Nu ska jag njuta av j\u00e4spausen, f\u00f6rs\u00f6ka skaka ur mj\u00f6let ur h\u00e5ret och hoppas innerligt att semmelbullarna \u00e5tminstone blir goda. Efter allt det h\u00e4r \u00e4r de skyldiga mig det.<\/p>\n","protected":false},"excerpt":{"rendered":"<p>Hej! Nu j\u00e4ser mina dumma semmelbullar. Ja, jag s\u00e4ger dumma \u2013 f\u00f6r det h\u00e4r var inte n\u00e5gon romantisk bakstund och mysig musik i bakgrunden. Det &hellip; <\/p>\n","protected":false},"author":1,"featured_media":1098,"comment_status":"closed","ping_status":"open","sticky":false,"template":"","format":"standard","meta":{"footnotes":""},"categories":[3,4,6,12,13,14,37,23,28,33,34],"tags":[],"class_list":["post-1443","post","type-post","status-publish","format-standard","has-post-thumbnail","hentry","category-01-personligt","category-02-fotografier","category-04-vardagligt","category-ego","category-familjen","category-fibromyalgi","category-iphone-16-plus","category-ovrigt","category-snicksnack","category-tankar","category-utrustning"],"_links":{"self":[{"href":"https:\/\/ewelyn.se\/index.php?rest_route=\/wp\/v2\/posts\/1443","targetHints":{"allow":["GET"]}}],"collection":[{"href":"https:\/\/ewelyn.se\/index.php?rest_route=\/wp\/v2\/posts"}],"about":[{"href":"https:\/\/ewelyn.se\/index.php?rest_route=\/wp\/v2\/types\/post"}],"author":[{"embeddable":true,"href":"https:\/\/ewelyn.se\/index.php?rest_route=\/wp\/v2\/users\/1"}],"replies":[{"embeddable":true,"href":"https:\/\/ewelyn.se\/index.php?rest_route=%2Fwp%2Fv2%2Fcomments&post=1443"}],"version-history":[{"count":0,"href":"https:\/\/ewelyn.se\/index.php?rest_route=\/wp\/v2\/posts\/1443\/revisions"}],"wp:featuredmedia":[{"embeddable":true,"href":"https:\/\/ewelyn.se\/index.php?rest_route=\/wp\/v2\/media\/1098"}],"wp:attachment":[{"href":"https:\/\/ewelyn.se\/index.php?rest_route=%2Fwp%2Fv2%2Fmedia&parent=1443"}],"wp:term":[{"taxonomy":"category","embeddable":true,"href":"https:\/\/ewelyn.se\/index.php?rest_route=%2Fwp%2Fv2%2Fcategories&post=1443"},{"taxonomy":"post_tag","embeddable":true,"href":"https:\/\/ewelyn.se\/index.php?rest_route=%2Fwp%2Fv2%2Ftags&post=1443"}],"curies":[{"name":"wp","href":"https:\/\/api.w.org\/{rel}","templated":true}]}}