{"id":1409,"date":"2026-03-20T02:00:17","date_gmt":"2026-03-20T02:00:17","guid":{"rendered":"https:\/\/pinkjournal.se\/?p=1409"},"modified":"2026-03-20T02:00:17","modified_gmt":"2026-03-20T02:00:17","slug":"kaotisk-vecka-alltsa","status":"publish","type":"post","link":"https:\/\/ewelyn.se\/?p=1409","title":{"rendered":"Kaotisk vecka allts\u00e5"},"content":{"rendered":"\n<p class=\"p1\"><strong>Hej! <\/strong>Vilken vecka det har varit. Jag k\u00e4nner mig ganska tr\u00f6tt, men f\u00f6rs\u00f6ker \u00e4nd\u00e5 landa i n\u00e5got lite mjukare nu. T\u00e5golyckan i Landskrona p\u00e5verkade mig mer \u00e4n jag trodde, och det har varit mycket <strong><em>k\u00e4nslor<\/em><\/strong> kring det. Det \u00e4r fortfarande lite jobbigt ibland, men jag f\u00f6rs\u00f6ker p\u00e5minna mig sj\u00e4lv om att det \u00e4r okej och att det f\u00e5r ta tid.<\/p>\n\n\n\n<p>Idag (torsdag) fick jag vara hemma fr\u00e5n jobb f\u00f6r jag m\u00e5dde s\u00e5 fruktansv\u00e4rt d\u00e5ligt. Hostat hela natten och hade halsont. H\u00e4ngig med v\u00e4rkproblematik. Har kommit fram till att det nog \u00e4r Antihistaminet jag b\u00f6rjat med f\u00f6r <strong><em>kvalsterallergin<\/em><\/strong> kan vara boven. Jag \u00e4r s\u00e5 fruktansv\u00e4rt torr i munnen och halsen. Dricker vatten hela tiden. Hj\u00e4lper inte mycket och sen b\u00f6rjar jag hosta massor pga det. Och b\u00f6rjar jag hosta massor kr\u00e4ks jag till slut. Denna dagen har varit jobbig. Fick kraftig blodsockerfall med och m\u00e5dde s\u00e5 d\u00e5ligt och s\u00e5 konstigt. K\u00e4nde mig sjukt uppskakad efter det och somnade tv\u00e5 timmar. M\u00e5dde inte helt ok och benen och armarna k\u00e4ndes som \u00f6verkokt spagetti.<\/p>\n\n\n\n<p class=\"p1\">P\u00e5 fredag ska jag m\u00f6ta upp Offe vid stationen, och \u00e4ven om det k\u00e4nns lite nerv\u00f6st s\u00e5 f\u00f6rs\u00f6ker jag t\u00e4nka att det kommer g\u00e5 bra. Jag l\u00e4ngtar efter en stor varm kram! <\/p>\n\n\n\n<p class=\"p1\">Jag har varit r\u00e4tt slut b\u00e5de psykiskt och fysiskt, och inser mer och mer hur mycket energi som faktiskt g\u00e5r \u00e5t \u2013 s\u00e4rskilt n\u00e4r man, som jag, omedvetet maskerar mycket. S\u00e5 nu ger jag mig sj\u00e4lv <strong><em>till\u00e5telse<\/em><\/strong> att ta det lugnt, sl\u00e4ppa kraven och bara fokusera p\u00e5 att m\u00e5 bra. Kommer dock bli sv\u00e5rt.<\/p>\n\n\n\n<p class=\"p1\">Och n\u00e5got som verkligen lyser upp allt just nu &#8211; jag har f\u00e5tt en ny platta! S\u00e5 i helgen ska jag bara ta det lugnt och n\u00f6rda ner mig i den, l\u00e4ra mig massa nytt och g\u00f6ra s\u00e5nt som g\u00f6r mig glad. Jag \u00e4lskar den och kallar den Ingrid-Marie.<\/p>\n\n\n\n<p class=\"p1\"><em>K\u00e4nns \u00e4nd\u00e5 fint att ha n\u00e5got att se fram emot!<\/em><\/p>\n","protected":false},"excerpt":{"rendered":"<p>Hej! Vilken vecka det har varit. Jag k\u00e4nner mig ganska tr\u00f6tt, men f\u00f6rs\u00f6ker \u00e4nd\u00e5 landa i n\u00e5got lite mjukare nu. T\u00e5golyckan i Landskrona p\u00e5verkade mig &hellip; <\/p>\n","protected":false},"author":1,"featured_media":1408,"comment_status":"closed","ping_status":"open","sticky":false,"template":"","format":"standard","meta":{"footnotes":""},"categories":[3,4,6,8,12,37,25,28,33,34],"tags":[],"class_list":["post-1409","post","type-post","status-publish","format-standard","has-post-thumbnail","hentry","category-01-personligt","category-02-fotografier","category-04-vardagligt","category-autism-adhd","category-ego","category-iphone-16-plus","category-portratt","category-snicksnack","category-tankar","category-utrustning"],"_links":{"self":[{"href":"https:\/\/ewelyn.se\/index.php?rest_route=\/wp\/v2\/posts\/1409","targetHints":{"allow":["GET"]}}],"collection":[{"href":"https:\/\/ewelyn.se\/index.php?rest_route=\/wp\/v2\/posts"}],"about":[{"href":"https:\/\/ewelyn.se\/index.php?rest_route=\/wp\/v2\/types\/post"}],"author":[{"embeddable":true,"href":"https:\/\/ewelyn.se\/index.php?rest_route=\/wp\/v2\/users\/1"}],"replies":[{"embeddable":true,"href":"https:\/\/ewelyn.se\/index.php?rest_route=%2Fwp%2Fv2%2Fcomments&post=1409"}],"version-history":[{"count":0,"href":"https:\/\/ewelyn.se\/index.php?rest_route=\/wp\/v2\/posts\/1409\/revisions"}],"wp:featuredmedia":[{"embeddable":true,"href":"https:\/\/ewelyn.se\/index.php?rest_route=\/wp\/v2\/media\/1408"}],"wp:attachment":[{"href":"https:\/\/ewelyn.se\/index.php?rest_route=%2Fwp%2Fv2%2Fmedia&parent=1409"}],"wp:term":[{"taxonomy":"category","embeddable":true,"href":"https:\/\/ewelyn.se\/index.php?rest_route=%2Fwp%2Fv2%2Fcategories&post=1409"},{"taxonomy":"post_tag","embeddable":true,"href":"https:\/\/ewelyn.se\/index.php?rest_route=%2Fwp%2Fv2%2Ftags&post=1409"}],"curies":[{"name":"wp","href":"https:\/\/api.w.org\/{rel}","templated":true}]}}