{"id":1393,"date":"2026-03-12T10:23:00","date_gmt":"2026-03-12T10:23:00","guid":{"rendered":"https:\/\/pinkjournal.se\/?p=1393"},"modified":"2026-03-12T10:23:00","modified_gmt":"2026-03-12T10:23:00","slug":"living-my-best-life","status":"publish","type":"post","link":"https:\/\/ewelyn.se\/?p=1393","title":{"rendered":"Living my best life"},"content":{"rendered":"\n<p class=\"p1\"><strong>Hej bloggen!<\/strong> N\u00e4r jag vaknade i morse best\u00e4mde jag mig f\u00f6r en sak: idag ska bli en bra dag p\u00e5 jobbet. Och vet ni vad? Hittills har den faktiskt varit toppen! Jag k\u00e4nner mig b\u00e5de glad och positiv, och det \u00e4r en s\u00e5n sk\u00f6n k\u00e4nsla att starta dagen med.<\/p>\n\n\n\n<p class=\"p1\">Dessutom fick jag ett litet <strong><em>fotouppdrag <\/em><\/strong>p\u00e5 jobbet idag. Jag ska g\u00e5 runt och ta lite bilder p\u00e5 arbetsplatsen till hemsidan. Superkul ju! Jag gillar verkligen s\u00e5na sm\u00e5 uppdrag som bryter av vardagen lite.<\/p>\n\n\n\n<p class=\"p1\">Nu b\u00f6rjar jag dock k\u00e4nna mig s\u00e5d\u00e4r lagom tr\u00f6tt. Innan jag \u00e5ker hem ska jag sv\u00e4nga f\u00f6rbi aff\u00e4ren och handla lite. N\u00e4r jag v\u00e4l kommer hem blir det nog att vila en stund, f\u00f6r ryggen br\u00e5kar lite med mig idag.<\/p>\n\n\n\n<p class=\"p1\">Men trots det h\u00e5ller jag hum\u00f6ret uppe. Jag k\u00e4nner mig fortfarande glad och positiv, och ibland \u00e4r det faktiskt det viktigaste \u2661<\/p>\n","protected":false},"excerpt":{"rendered":"<p>Hej bloggen! N\u00e4r jag vaknade i morse best\u00e4mde jag mig f\u00f6r en sak: idag ska bli en bra dag p\u00e5 jobbet. Och vet ni vad? &hellip; <\/p>\n","protected":false},"author":1,"featured_media":1396,"comment_status":"closed","ping_status":"open","sticky":false,"template":"","format":"standard","meta":{"footnotes":""},"categories":[3,4,6,12,37,25,28,34],"tags":[],"class_list":["post-1393","post","type-post","status-publish","format-standard","has-post-thumbnail","hentry","category-01-personligt","category-02-fotografier","category-04-vardagligt","category-ego","category-iphone-16-plus","category-portratt","category-snicksnack","category-utrustning"],"_links":{"self":[{"href":"https:\/\/ewelyn.se\/index.php?rest_route=\/wp\/v2\/posts\/1393","targetHints":{"allow":["GET"]}}],"collection":[{"href":"https:\/\/ewelyn.se\/index.php?rest_route=\/wp\/v2\/posts"}],"about":[{"href":"https:\/\/ewelyn.se\/index.php?rest_route=\/wp\/v2\/types\/post"}],"author":[{"embeddable":true,"href":"https:\/\/ewelyn.se\/index.php?rest_route=\/wp\/v2\/users\/1"}],"replies":[{"embeddable":true,"href":"https:\/\/ewelyn.se\/index.php?rest_route=%2Fwp%2Fv2%2Fcomments&post=1393"}],"version-history":[{"count":0,"href":"https:\/\/ewelyn.se\/index.php?rest_route=\/wp\/v2\/posts\/1393\/revisions"}],"wp:featuredmedia":[{"embeddable":true,"href":"https:\/\/ewelyn.se\/index.php?rest_route=\/wp\/v2\/media\/1396"}],"wp:attachment":[{"href":"https:\/\/ewelyn.se\/index.php?rest_route=%2Fwp%2Fv2%2Fmedia&parent=1393"}],"wp:term":[{"taxonomy":"category","embeddable":true,"href":"https:\/\/ewelyn.se\/index.php?rest_route=%2Fwp%2Fv2%2Fcategories&post=1393"},{"taxonomy":"post_tag","embeddable":true,"href":"https:\/\/ewelyn.se\/index.php?rest_route=%2Fwp%2Fv2%2Ftags&post=1393"}],"curies":[{"name":"wp","href":"https:\/\/api.w.org\/{rel}","templated":true}]}}