{"id":1347,"date":"2026-02-23T16:51:17","date_gmt":"2026-02-23T16:51:17","guid":{"rendered":"https:\/\/pinkjournal.se\/?p=1347"},"modified":"2026-02-23T16:51:17","modified_gmt":"2026-02-23T16:51:17","slug":"vi-kor-en-ny-vecka","status":"publish","type":"post","link":"https:\/\/ewelyn.se\/?p=1347","title":{"rendered":"Vi k\u00f6r en ny vecka"},"content":{"rendered":"\n<p class=\"p1\">Hej fina ni! Allts\u00e5, jag h\u00e4nger liksom inte riktigt med i dagarna just nu. Veckan som varit har varit minst sagt intensiv! Det har varit fullt upp, mycket som h\u00e4nt och samtidigt v\u00e4ldigt roligt. Men ni vet n\u00e4r man k\u00f6r p\u00e5 lite f\u00f6r l\u00e4nge utan paus? I slutet av veckan k\u00e4nde jag verkligen kortslutningen och fysisk och psykisk utmattning.<\/p>\n\n\n\n<p class=\"p1\">S\u00e5 ig\u00e5r och idag har jag gjort det enda r\u00e4tta, vilat. Inga m\u00e5sten, inga krav. Bara samla ny energi och l\u00e5ta kroppen och hj\u00e4rnan komma ikapp. Min <strong>autism<\/strong> och min <strong><em>ADHD<\/em><\/strong> krockar lite med varandra ibland. Det \u00e4r en balansg\u00e5ng, minst sagt.<\/p>\n\n\n\n<p class=\"p1\">Imorgon ska jag till min aktivitetsgrupp och det ska faktiskt bli s\u00e5 himla roligt. Jag f\u00e5r tr\u00e4ffa mitt lilla tjejg\u00e4ng igen och vi har alltid s\u00e5 kul tillsammans. Det \u00e4r s\u00e5 fint att ha ett sammanhang d\u00e4r man bara f\u00e5r vara.<\/p>\n\n\n\n<p class=\"p1\">Och vet ni vad mer? Min nya <strong>handv\u00e4ska<\/strong> kommer imorgon! Jag best\u00e4llde den fr\u00e5n Sellpy f\u00f6rra veckan och jag \u00e4r s\u00e5 taggad.<\/p>\n\n\n\n<p class=\"p1\">Jag har ocks\u00e5 suttit en del med bloggen. Jag \u00e4r inte helt n\u00f6jd med hur den ser ut just nu, det kliar i fingrarna att fixa och \u00e4ndra. Men jag hittar nog n\u00e5got jag verkligen tycker om snart. Det f\u00e5r ta den tid det tar.<\/p>\n\n\n\n<p class=\"p1\">P\u00e5 torsdag \u00e4r det jobb och i helgen kommer tjejerna! Det k\u00e4nns som en perfekt mix av vardag och mys.<\/p>\n\n\n\n<p class=\"p1\">Fick detta fina armbandet fr\u00e5n en kompis! Det st\u00e5r <strong><em>\u201dFuck Chiari\u201d<\/em><\/strong>, det \u00e4r en sv\u00e5r hj\u00e4rnsjukdom som \u00e4r medf\u00f6tt. Tyv\u00e4rr s\u00e5 har den g\u00e5tt s\u00f6nder. Jag har kvar alla p\u00e4rlor s\u00e5 ska laga den n\u00e5gon dag \u2661<\/p>\n","protected":false},"excerpt":{"rendered":"<p>Hej fina ni! Allts\u00e5, jag h\u00e4nger liksom inte riktigt med i dagarna just nu. Veckan som varit har varit minst sagt intensiv! Det har varit &hellip; <\/p>\n","protected":false},"author":1,"featured_media":1346,"comment_status":"closed","ping_status":"open","sticky":false,"template":"","format":"standard","meta":{"footnotes":""},"categories":[3,4,6,8,12,37,23,28,33,34],"tags":[],"class_list":["post-1347","post","type-post","status-publish","format-standard","has-post-thumbnail","hentry","category-01-personligt","category-02-fotografier","category-04-vardagligt","category-autism-adhd","category-ego","category-iphone-16-plus","category-ovrigt","category-snicksnack","category-tankar","category-utrustning"],"_links":{"self":[{"href":"https:\/\/ewelyn.se\/index.php?rest_route=\/wp\/v2\/posts\/1347","targetHints":{"allow":["GET"]}}],"collection":[{"href":"https:\/\/ewelyn.se\/index.php?rest_route=\/wp\/v2\/posts"}],"about":[{"href":"https:\/\/ewelyn.se\/index.php?rest_route=\/wp\/v2\/types\/post"}],"author":[{"embeddable":true,"href":"https:\/\/ewelyn.se\/index.php?rest_route=\/wp\/v2\/users\/1"}],"replies":[{"embeddable":true,"href":"https:\/\/ewelyn.se\/index.php?rest_route=%2Fwp%2Fv2%2Fcomments&post=1347"}],"version-history":[{"count":0,"href":"https:\/\/ewelyn.se\/index.php?rest_route=\/wp\/v2\/posts\/1347\/revisions"}],"wp:featuredmedia":[{"embeddable":true,"href":"https:\/\/ewelyn.se\/index.php?rest_route=\/wp\/v2\/media\/1346"}],"wp:attachment":[{"href":"https:\/\/ewelyn.se\/index.php?rest_route=%2Fwp%2Fv2%2Fmedia&parent=1347"}],"wp:term":[{"taxonomy":"category","embeddable":true,"href":"https:\/\/ewelyn.se\/index.php?rest_route=%2Fwp%2Fv2%2Fcategories&post=1347"},{"taxonomy":"post_tag","embeddable":true,"href":"https:\/\/ewelyn.se\/index.php?rest_route=%2Fwp%2Fv2%2Ftags&post=1347"}],"curies":[{"name":"wp","href":"https:\/\/api.w.org\/{rel}","templated":true}]}}