{"id":1298,"date":"2026-02-16T13:04:43","date_gmt":"2026-02-16T13:04:43","guid":{"rendered":"https:\/\/pinkjournal.se\/?p=1298"},"modified":"2026-02-16T13:04:43","modified_gmt":"2026-02-16T13:04:43","slug":"jag-hann-knappt-blunda","status":"publish","type":"post","link":"https:\/\/ewelyn.se\/?p=1298","title":{"rendered":"Jag hann knappt blunda"},"content":{"rendered":"\n<p class=\"p1\">Hej fina ni! Men allts\u00e5, hur \u00e4r det ens m\u00f6jligt att det g\u00e5tt 10 dagar sedan jag skrev sist? Fast jag vet ju egentligen varf\u00f6r. Det har varit sjukhusbes\u00f6k, vardagsskit och jag hade min yngsta dotter h\u00e4r f\u00f6rra veckan. Fem riktigt mysiga dagar tillsammans. Det blev mycket film, soffh\u00e4ng och skratt. S\u00e5nt d\u00e4r som fyller p\u00e5 mammahj\u00e4rtat ordentligt.<\/p>\n\n\n\n<p class=\"p1\"><strong>Samtidigt har jag varit sjuk.<\/strong> Jobbat. Och varit sjuk igen. Den h\u00e4r helgen har jag mest haft en n\u00e4ra och seri\u00f6s relation med min s\u00e4ng p\u00e5 grund av v\u00e4rk i kroppen. Visste knappt om jag var 40 eller 80 \u00e5r gammal. Idag orkade jag i alla fall ta mig iv\u00e4g och handla. Yay f\u00f6r den! Och jag var p\u00e5 Apoteket med. Tr\u00f6tt? Ja!<\/p>\n\n\n\n<p class=\"p1\">Mitt i allt har vi ocks\u00e5 hunnit med f\u00f6delsedagsfiranden! Min lilla fluffb\u00e4stis Tyra fyllde 9 \u00e5r i fredags. Nio \u00e5r! Min lilla gr\u00e5nosiga tant. P\u00e5 bilden ligger hon och sover i min s\u00e4ng, helt utslagen. Hon och jag \u00e4r v\u00e4ldigt lika \u2013 vi tar vilandet p\u00e5 fullaste allvar. Och ig\u00e5r var det Lily, familjens lilla diva till Chihuahua, som fyllde 10 \u00e5r. Tio! Tv\u00e5siffrigt och allt. Hon b\u00e4r sin \u00e5lder med attityd \u2013 och en liten blick som s\u00e4ger att hon \u00e4ger st\u00e4llet.<\/p>\n\n\n\n<p class=\"p1\">S\u00e5 vad h\u00e4nder idag? Inget speciellt. Och det \u00e4r helt okej. Jag ska l\u00e4sa vidare i boken jag b\u00f6rjade p\u00e5 ig\u00e5r <em>(\u00e5terkommer om den). <\/em>Sen blir det <strong>r\u00e5ttmys <\/strong>och lite st\u00e4d hos r\u00e5ttorna. Resten av dagen t\u00e4nker jag l\u00e5ta vara lugn. Ingen prestation. Inga m\u00e5sten. Bara vila, lite l\u00e4sning, lite djurmys \u2013 och kanske en tupplur eller tre. Ibland \u00e4r det precis det som beh\u00f6vs.\u00a0<\/p>\n","protected":false},"excerpt":{"rendered":"<p>Hej fina ni! Men allts\u00e5, hur \u00e4r det ens m\u00f6jligt att det g\u00e5tt 10 dagar sedan jag skrev sist? Fast jag vet ju egentligen varf\u00f6r. &hellip; <\/p>\n","protected":false},"author":1,"featured_media":1293,"comment_status":"closed","ping_status":"open","sticky":false,"template":"","format":"standard","meta":{"footnotes":""},"categories":[3,4,6,7,11,12,16,37,23,28,33,34],"tags":[],"class_list":["post-1298","post","type-post","status-publish","format-standard","has-post-thumbnail","hentry","category-01-personligt","category-02-fotografier","category-04-vardagligt","category-05-svansbarnen","category-djuren","category-ego","category-hundarna","category-iphone-16-plus","category-ovrigt","category-snicksnack","category-tankar","category-utrustning"],"_links":{"self":[{"href":"https:\/\/ewelyn.se\/index.php?rest_route=\/wp\/v2\/posts\/1298","targetHints":{"allow":["GET"]}}],"collection":[{"href":"https:\/\/ewelyn.se\/index.php?rest_route=\/wp\/v2\/posts"}],"about":[{"href":"https:\/\/ewelyn.se\/index.php?rest_route=\/wp\/v2\/types\/post"}],"author":[{"embeddable":true,"href":"https:\/\/ewelyn.se\/index.php?rest_route=\/wp\/v2\/users\/1"}],"replies":[{"embeddable":true,"href":"https:\/\/ewelyn.se\/index.php?rest_route=%2Fwp%2Fv2%2Fcomments&post=1298"}],"version-history":[{"count":0,"href":"https:\/\/ewelyn.se\/index.php?rest_route=\/wp\/v2\/posts\/1298\/revisions"}],"wp:featuredmedia":[{"embeddable":true,"href":"https:\/\/ewelyn.se\/index.php?rest_route=\/wp\/v2\/media\/1293"}],"wp:attachment":[{"href":"https:\/\/ewelyn.se\/index.php?rest_route=%2Fwp%2Fv2%2Fmedia&parent=1298"}],"wp:term":[{"taxonomy":"category","embeddable":true,"href":"https:\/\/ewelyn.se\/index.php?rest_route=%2Fwp%2Fv2%2Fcategories&post=1298"},{"taxonomy":"post_tag","embeddable":true,"href":"https:\/\/ewelyn.se\/index.php?rest_route=%2Fwp%2Fv2%2Ftags&post=1298"}],"curies":[{"name":"wp","href":"https:\/\/api.w.org\/{rel}","templated":true}]}}