{"id":1252,"date":"2026-02-06T17:24:17","date_gmt":"2026-02-06T17:24:17","guid":{"rendered":"https:\/\/pinkjournal.se\/?p=1252"},"modified":"2026-02-06T17:24:17","modified_gmt":"2026-02-06T17:24:17","slug":"hur-mycket-orkar-jag","status":"publish","type":"post","link":"https:\/\/ewelyn.se\/?p=1252","title":{"rendered":"Hur mycket orkar jag?"},"content":{"rendered":"\n<p class=\"p1\">Allts\u00e5 den h\u00e4r veckan. Jag har s\u00e5 m\u00e5nga negativa kommentarer om den att jag knappt orkar rada upp dem. V\u00e4rken har varit helt brutal. Det har varit sjukhusbes\u00f6k, oro och en konstant klump i magen \u2013 mest f\u00f6r mamma. Min \u00e4lskade mamma. Hon opererades i m\u00e5ndags bland annat, och som tur \u00e4r m\u00e5r hon okej nu. Bara det \u00e4r ju en enorm l\u00e4ttnad.<\/p>\n\n\n\n<p class=\"p1\">I tisdags var planen att f\u00f6lja med henne till sjukhuset igen, men min kropp hade helt andra planer. Den <strong><em>skrek<\/em><\/strong> rakt ut nej. Jag kunde knappt lyfta armen och blev kvar i s\u00e4ngen mycket l\u00e4ngre \u00e4n t\u00e4nkt. N\u00e4r de v\u00e4l var p\u00e5 v\u00e4g hem f\u00f6rs\u00f6kte jag i alla fall plocka undan och st\u00e4da lite. F\u00f6rs\u00f6kte iallafall. Kroppen var inte glad p\u00e5 mig.<\/p>\n\n\n\n<p class=\"p1\">Ig\u00e5r var det jobbdag. Och ja, det var k\u00e4mpigt. Jag bet ihop, drog p\u00e5 mitt b\u00e4sta ansikte och f\u00f6rs\u00f6kte d\u00f6lja sm\u00e4rtan. Men, jag hade faktiskt otroligt kul. Jag l\u00e4ngtar redan tillbaka till n\u00e4sta vecka. Jag har alltid roligt d\u00e4r \u00e4ven om kroppen dummar sig.&nbsp;<\/p>\n\n\n\n<p class=\"p1\">Idag var det dags f\u00f6r \u00e4nnu en sm\u00e4rtunders\u00f6kning. Ni vet, den d\u00e4r klassiska, de kl\u00e4mmer, k\u00e4nner, antecknar medan man sj\u00e4lv sitter och gr\u00e5ter &#8211; ja, jag gr\u00e4t faktiskt. K\u00e4nns som ingen vill fatta! Resultatet var 12 av 12 i sm\u00e4rtpo\u00e4ng. Det k\u00e4ndes s\u00e5 dumt, f\u00f6r jag har gjort detta tre g\u00e5nger nu och fattar inte varf\u00f6r man ska b\u00f6rja p\u00e5 ett igen. K\u00e4nns som bortkastade pengar. Det betyder ocks\u00e5 att remissen \u00e4ntligen skickas till <strong><em>sm\u00e4rtkliniken<\/em><\/strong> i Lund. Sen l\u00e4r det v\u00e4l ta tid innan jag f\u00e5r en tid d\u00e4r, men \u00e4nd\u00e5. Ett steg fram.<\/p>\n\n\n\n<p class=\"p1\">Som om det inte r\u00e4ckte har det varit strul med b\u00e5de myndigheter och v\u00e5rden idag ocks\u00e5. Jag k\u00e4nner mig helt s\u00f6nderstressad och n\u00e4stan kv\u00e4vd av allt. Men nu har jag best\u00e4mt mig f\u00f6r att l\u00e4gga det \u00e5t sidan tills p\u00e5 m\u00e5ndag. Det \u00e4r ju faktiskt helg. Punkt!<\/p>\n\n\n\n<p class=\"p1\">Jag tog emot ett <strong>TUNGT<\/strong> paket fr\u00e5n Matsmart f\u00f6r en stund sen och det h\u00f6gg till som en kniv i l\u00e4ndryggen. Nu kan jag knappt vrida eller v\u00e4nda mig. \u00c4r det s\u00e5 h\u00e4r ryggskott k\u00e4nns?<\/p>\n\n\n\n<p>Veckans absoluta h\u00f6jdpunkt d\u00e5? Jag har k\u00f6pt massor av nya b\u00f6cker! Och jag l\u00e4ngtar verkligen efter att b\u00f6rja l\u00e4sa dem. Det \u00e4r nog det b\u00e4sta som h\u00e4nt den h\u00e4r veckan, om jag ska vara \u00e4rlig. Just nu forts\u00e4tter jag l\u00e4sa Viktor Frisks bok, invirad i en filt och med ambitionen att inte r\u00f6ra mig mer \u00e4n n\u00f6dv\u00e4ndigt.<\/p>\n","protected":false},"excerpt":{"rendered":"<p>Allts\u00e5 den h\u00e4r veckan. Jag har s\u00e5 m\u00e5nga negativa kommentarer om den att jag knappt orkar rada upp dem. V\u00e4rken har varit helt brutal. Det &hellip; <\/p>\n","protected":false},"author":1,"featured_media":1251,"comment_status":"closed","ping_status":"open","sticky":false,"template":"","format":"standard","meta":{"footnotes":""},"categories":[3,4,6,9,12,14,37,23,28,33,34],"tags":[],"class_list":["post-1252","post","type-post","status-publish","format-standard","has-post-thumbnail","hentry","category-01-personligt","category-02-fotografier","category-04-vardagligt","category-boktips","category-ego","category-fibromyalgi","category-iphone-16-plus","category-ovrigt","category-snicksnack","category-tankar","category-utrustning"],"_links":{"self":[{"href":"https:\/\/ewelyn.se\/index.php?rest_route=\/wp\/v2\/posts\/1252","targetHints":{"allow":["GET"]}}],"collection":[{"href":"https:\/\/ewelyn.se\/index.php?rest_route=\/wp\/v2\/posts"}],"about":[{"href":"https:\/\/ewelyn.se\/index.php?rest_route=\/wp\/v2\/types\/post"}],"author":[{"embeddable":true,"href":"https:\/\/ewelyn.se\/index.php?rest_route=\/wp\/v2\/users\/1"}],"replies":[{"embeddable":true,"href":"https:\/\/ewelyn.se\/index.php?rest_route=%2Fwp%2Fv2%2Fcomments&post=1252"}],"version-history":[{"count":0,"href":"https:\/\/ewelyn.se\/index.php?rest_route=\/wp\/v2\/posts\/1252\/revisions"}],"wp:featuredmedia":[{"embeddable":true,"href":"https:\/\/ewelyn.se\/index.php?rest_route=\/wp\/v2\/media\/1251"}],"wp:attachment":[{"href":"https:\/\/ewelyn.se\/index.php?rest_route=%2Fwp%2Fv2%2Fmedia&parent=1252"}],"wp:term":[{"taxonomy":"category","embeddable":true,"href":"https:\/\/ewelyn.se\/index.php?rest_route=%2Fwp%2Fv2%2Fcategories&post=1252"},{"taxonomy":"post_tag","embeddable":true,"href":"https:\/\/ewelyn.se\/index.php?rest_route=%2Fwp%2Fv2%2Ftags&post=1252"}],"curies":[{"name":"wp","href":"https:\/\/api.w.org\/{rel}","templated":true}]}}