{"id":1211,"date":"2026-02-03T14:02:07","date_gmt":"2026-02-03T14:02:07","guid":{"rendered":"https:\/\/pinkjournal.se\/?p=1211"},"modified":"2026-02-03T14:02:07","modified_gmt":"2026-02-03T14:02:07","slug":"stjarnkullen-sa-himla-gosiga","status":"publish","type":"post","link":"https:\/\/ewelyn.se\/?p=1211","title":{"rendered":"Stj\u00e4rnkullen s\u00e5 himla gosiga"},"content":{"rendered":"\n<p>Hej! Jag m\u00e5ste bara visa Stj\u00e4rnkullen som var 20 dagar gamla p\u00e5 denna bilden. S\u00e5 himla s\u00f6ta och gosiga. De har b\u00f6rjat \u00e4ta torrfoder nu och vanlig mat, som dom verkar tycka om. Fler bilder och videos finns p\u00e5 min <a data-type=\"link\" data-id=\"https:\/\/www.instagram.com\/pinkjournal.se\/\" href=\"https:\/\/www.instagram.com\/pinkjournal.se\/\" target=\"_blank\" rel=\"noreferrer noopener\">Instagram<\/a> \u2661<\/p>\n\n\n\n<p>I slutet av denna veckan s\u00e5 ska jag separera p\u00e5 honor och hanar. Jag t\u00e4nkte att Winterkullen och Stj\u00e4rnkullen ska f\u00e5 vara tillsammans d\u00e5 det skiljer sig fyra dagar p\u00e5 dom. <\/p>\n\n\n\n<p>Idag ska jag f\u00f6rs\u00f6ka hitta tid till att laga lite h\u00e4ngmattor och kanske sy nya &#8211; men jag har faktiskt best\u00e4llt typ sex nya h\u00e4ngmattor av lathet. Tror dom kommer n\u00e4sta vecka dock.<\/p>\n","protected":false},"excerpt":{"rendered":"<p>Hej! Jag m\u00e5ste bara visa Stj\u00e4rnkullen som var 20 dagar gamla p\u00e5 denna bilden. S\u00e5 himla s\u00f6ta och gosiga. De har b\u00f6rjat \u00e4ta torrfoder nu &hellip; <\/p>\n","protected":false},"author":1,"featured_media":1210,"comment_status":"closed","ping_status":"open","sticky":false,"template":"","format":"standard","meta":{"footnotes":""},"categories":[4,7,11,37,26,30,34],"tags":[],"class_list":["post-1211","post","type-post","status-publish","format-standard","has-post-thumbnail","hentry","category-02-fotografier","category-05-svansbarnen","category-djuren","category-iphone-16-plus","category-rattorna","category-stjarnkullen","category-utrustning"],"_links":{"self":[{"href":"https:\/\/ewelyn.se\/index.php?rest_route=\/wp\/v2\/posts\/1211","targetHints":{"allow":["GET"]}}],"collection":[{"href":"https:\/\/ewelyn.se\/index.php?rest_route=\/wp\/v2\/posts"}],"about":[{"href":"https:\/\/ewelyn.se\/index.php?rest_route=\/wp\/v2\/types\/post"}],"author":[{"embeddable":true,"href":"https:\/\/ewelyn.se\/index.php?rest_route=\/wp\/v2\/users\/1"}],"replies":[{"embeddable":true,"href":"https:\/\/ewelyn.se\/index.php?rest_route=%2Fwp%2Fv2%2Fcomments&post=1211"}],"version-history":[{"count":0,"href":"https:\/\/ewelyn.se\/index.php?rest_route=\/wp\/v2\/posts\/1211\/revisions"}],"wp:featuredmedia":[{"embeddable":true,"href":"https:\/\/ewelyn.se\/index.php?rest_route=\/wp\/v2\/media\/1210"}],"wp:attachment":[{"href":"https:\/\/ewelyn.se\/index.php?rest_route=%2Fwp%2Fv2%2Fmedia&parent=1211"}],"wp:term":[{"taxonomy":"category","embeddable":true,"href":"https:\/\/ewelyn.se\/index.php?rest_route=%2Fwp%2Fv2%2Fcategories&post=1211"},{"taxonomy":"post_tag","embeddable":true,"href":"https:\/\/ewelyn.se\/index.php?rest_route=%2Fwp%2Fv2%2Ftags&post=1211"}],"curies":[{"name":"wp","href":"https:\/\/api.w.org\/{rel}","templated":true}]}}