{"id":1174,"date":"2026-01-27T06:33:39","date_gmt":"2026-01-27T06:33:39","guid":{"rendered":"https:\/\/pinkjournal.se\/?p=1174"},"modified":"2026-01-27T06:33:39","modified_gmt":"2026-01-27T06:33:39","slug":"onodig-dramatik","status":"publish","type":"post","link":"https:\/\/ewelyn.se\/?p=1174","title":{"rendered":"On\u00f6dig dramatik"},"content":{"rendered":"\n<p class=\"p1\">Hej, eller godmorgon kanske? Jag vaknade i ren panik tidigt i morse och t\u00e4nkte NEJ, LARMET!! Men det visade sig att klockan bara var 06.15. Jag skulle g\u00e5 upp 07.40. S\u00e5 ja, det var ju faktiskt ganska lugnt. Lite on\u00f6dig dramatik d\u00e4r, men \u00e4nd\u00e5 r\u00e4tt sk\u00f6nt att inse att man hade gott om tid kvar.<\/p>\n\n\n\n<p class=\"p1\">Idag har jag best\u00e4mt mig f\u00f6r att det ska bli en bra dag. Jag t\u00e4nker satsa p\u00e5 positiva tankar och f\u00f6rs\u00f6ka se det fina i livet. Kaffet och lugnet p\u00e5 morgonen k\u00e4nns h\u00e4rligt. Sen var det ju det d\u00e4r med sn\u00f6n. Sn\u00f6n vi fick ig\u00e5r k\u00e4nns tyv\u00e4rr inte alls lika positiv. Jag \u00e4r ledsen, men d\u00e4r g\u00e5r min gr\u00e4ns. Och nej, jag \u00e4r ingen v\u00e4derguru som kan vifta bort det vita el\u00e4ndet. F\u00f6rr i tiden ville jag alltid g\u00f6ra sn\u00f6\u00e4nglar \u2013 vad kn\u00e4pp man var d\u00e5 egentligen? Nu vill man bara fly!&nbsp;<\/p>\n\n\n\n<p class=\"p1\">Jag har i alla fall fixat mig och ska till Hamnen idag. Det \u00e4r min dagliga verksamhet d\u00e4r jag h\u00e4nger med ett g\u00e4ng andra, umg\u00e5s, m\u00e5lar och har roligt \u2013 oftast. Det ska bli sk\u00f6nt att komma iv\u00e4g och tr\u00e4ffa folk igen. Beh\u00f6ver det!<\/p>\n\n\n\n<p class=\"p1\">S\u00e5 ja, trots sn\u00f6 och falsklarm p\u00e5 morgonen k\u00e4nns det som att det h\u00e4r kan bli en r\u00e4tt bra dag \u00e4nd\u00e5. Och det r\u00e4cker f\u00f6r mig.<\/p>\n","protected":false},"excerpt":{"rendered":"<p>Hej, eller godmorgon kanske? Jag vaknade i ren panik tidigt i morse och t\u00e4nkte NEJ, LARMET!! Men det visade sig att klockan bara var 06.15. &hellip; <\/p>\n","protected":false},"author":1,"featured_media":1173,"comment_status":"closed","ping_status":"open","sticky":false,"template":"","format":"standard","meta":{"footnotes":""},"categories":[3,4,6,12,37,25,28,34],"tags":[],"class_list":["post-1174","post","type-post","status-publish","format-standard","has-post-thumbnail","hentry","category-01-personligt","category-02-fotografier","category-04-vardagligt","category-ego","category-iphone-16-plus","category-portratt","category-snicksnack","category-utrustning"],"_links":{"self":[{"href":"https:\/\/ewelyn.se\/index.php?rest_route=\/wp\/v2\/posts\/1174","targetHints":{"allow":["GET"]}}],"collection":[{"href":"https:\/\/ewelyn.se\/index.php?rest_route=\/wp\/v2\/posts"}],"about":[{"href":"https:\/\/ewelyn.se\/index.php?rest_route=\/wp\/v2\/types\/post"}],"author":[{"embeddable":true,"href":"https:\/\/ewelyn.se\/index.php?rest_route=\/wp\/v2\/users\/1"}],"replies":[{"embeddable":true,"href":"https:\/\/ewelyn.se\/index.php?rest_route=%2Fwp%2Fv2%2Fcomments&post=1174"}],"version-history":[{"count":0,"href":"https:\/\/ewelyn.se\/index.php?rest_route=\/wp\/v2\/posts\/1174\/revisions"}],"wp:featuredmedia":[{"embeddable":true,"href":"https:\/\/ewelyn.se\/index.php?rest_route=\/wp\/v2\/media\/1173"}],"wp:attachment":[{"href":"https:\/\/ewelyn.se\/index.php?rest_route=%2Fwp%2Fv2%2Fmedia&parent=1174"}],"wp:term":[{"taxonomy":"category","embeddable":true,"href":"https:\/\/ewelyn.se\/index.php?rest_route=%2Fwp%2Fv2%2Fcategories&post=1174"},{"taxonomy":"post_tag","embeddable":true,"href":"https:\/\/ewelyn.se\/index.php?rest_route=%2Fwp%2Fv2%2Ftags&post=1174"}],"curies":[{"name":"wp","href":"https:\/\/api.w.org\/{rel}","templated":true}]}}