{"id":1155,"date":"2026-01-25T23:10:36","date_gmt":"2026-01-25T23:10:36","guid":{"rendered":"https:\/\/pinkjournal.se\/?p=1155"},"modified":"2026-01-25T23:10:36","modified_gmt":"2026-01-25T23:10:36","slug":"kanner-mig-sa-lost","status":"publish","type":"post","link":"https:\/\/ewelyn.se\/?p=1155","title":{"rendered":"K\u00e4nner mig s\u00e5 lost"},"content":{"rendered":"\n<p>Hej! Ikv\u00e4ll \u00e4r en s\u00e5n d\u00e4r kv\u00e4ll. En jobbig kv\u00e4ll. Hj\u00e4rnan g\u00e5r p\u00e5 h\u00f6gvarv och kroppen k\u00e4nns som om den gl\u00f6mt hur man slappnar av. Ni vet. \u00c5ngest deluxe.<\/p>\n\n\n\n<p>Jag tog lite \u00e5ngestd\u00e4mpande. Och det riktigt livsviktiga &#8211; stoppade in en snus. Snus \u00e4r det b\u00e4sta just nu.&nbsp; Sen hamnade jag i true crime-tr\u00e4sket igen. <em>&#8221;Hur man hittar en m\u00f6rdare.\u201d<\/em> sjukt intressant. Sjukt obehagligt. En perfekt kombination n\u00e4r man redan \u00e4r lite mesig och absolut inte beh\u00f6ver fler saker att grubbla \u00f6ver klockan 23.30. Men \u00e4nd\u00e5, kan inte sluta titta.<\/p>\n\n\n\n<p>Jag l\u00e5g och t\u00e4nkte att imorgon har jag inga m\u00e5sten. Inga krav. Inga tider. En s\u00e5n d\u00e4r lugn dag. Tills jag kom p\u00e5 Apoteket. Jag m\u00e5ste till h\u00e4mta ut s\u00f6mntabletter. Men vet ni vad? Det r\u00e4knas knappt. Det \u00e4r n\u00e4stan self care.<\/p>\n","protected":false},"excerpt":{"rendered":"<p>Hej! Ikv\u00e4ll \u00e4r en s\u00e5n d\u00e4r kv\u00e4ll. En jobbig kv\u00e4ll. Hj\u00e4rnan g\u00e5r p\u00e5 h\u00f6gvarv och kroppen k\u00e4nns som om den gl\u00f6mt hur man slappnar av. &hellip; <\/p>\n","protected":false},"author":1,"featured_media":1154,"comment_status":"closed","ping_status":"open","sticky":false,"template":"","format":"standard","meta":{"footnotes":""},"categories":[3,4,6,12,36,25,28,33,34],"tags":[],"class_list":["post-1155","post","type-post","status-publish","format-standard","has-post-thumbnail","hentry","category-01-personligt","category-02-fotografier","category-04-vardagligt","category-ego","category-iphone-14-pro","category-portratt","category-snicksnack","category-tankar","category-utrustning"],"_links":{"self":[{"href":"https:\/\/ewelyn.se\/index.php?rest_route=\/wp\/v2\/posts\/1155","targetHints":{"allow":["GET"]}}],"collection":[{"href":"https:\/\/ewelyn.se\/index.php?rest_route=\/wp\/v2\/posts"}],"about":[{"href":"https:\/\/ewelyn.se\/index.php?rest_route=\/wp\/v2\/types\/post"}],"author":[{"embeddable":true,"href":"https:\/\/ewelyn.se\/index.php?rest_route=\/wp\/v2\/users\/1"}],"replies":[{"embeddable":true,"href":"https:\/\/ewelyn.se\/index.php?rest_route=%2Fwp%2Fv2%2Fcomments&post=1155"}],"version-history":[{"count":0,"href":"https:\/\/ewelyn.se\/index.php?rest_route=\/wp\/v2\/posts\/1155\/revisions"}],"wp:featuredmedia":[{"embeddable":true,"href":"https:\/\/ewelyn.se\/index.php?rest_route=\/wp\/v2\/media\/1154"}],"wp:attachment":[{"href":"https:\/\/ewelyn.se\/index.php?rest_route=%2Fwp%2Fv2%2Fmedia&parent=1155"}],"wp:term":[{"taxonomy":"category","embeddable":true,"href":"https:\/\/ewelyn.se\/index.php?rest_route=%2Fwp%2Fv2%2Fcategories&post=1155"},{"taxonomy":"post_tag","embeddable":true,"href":"https:\/\/ewelyn.se\/index.php?rest_route=%2Fwp%2Fv2%2Ftags&post=1155"}],"curies":[{"name":"wp","href":"https:\/\/api.w.org\/{rel}","templated":true}]}}