{"id":1132,"date":"2026-01-23T15:00:49","date_gmt":"2026-01-23T15:00:49","guid":{"rendered":"https:\/\/pinkjournal.se\/?p=1132"},"modified":"2026-01-23T15:00:49","modified_gmt":"2026-01-23T15:00:49","slug":"huvudet-fullt-av-brus","status":"publish","type":"post","link":"https:\/\/ewelyn.se\/?p=1132","title":{"rendered":"Huvudet fullt av brus"},"content":{"rendered":"\n<p class=\"p1\">Hej. Idag v\u00e4ller tr\u00f6ttheten \u00f6ver mig. P\u00e5 riktigt. M\u00e5r illa, k\u00e4nner mig \u00f6m i kroppen och helt i obalans. \u00c5ngest, huvudv\u00e4rk och en k\u00e4nsla av att allt bara skaver. Jag \u00e4r tr\u00f6tt och osocial, fast jag egentligen hade hoppats p\u00e5 att m\u00e5 b\u00e4ttre just idag.<\/p>\n\n\n\n<p class=\"p1\">Natten var fruktansv\u00e4rd. Jag har legat och vridit mig i timmar utan att komma till ro. F\u00f6r lite s\u00f6mn, och som ett brev p\u00e5 posten kom sp\u00e4nningshuvudv\u00e4rken. Den d\u00e4r som sitter som ett band runt hela huvudet.<\/p>\n\n\n\n<p class=\"p1\">Jag vill s\u00e5 g\u00e4rna f\u00e5 n\u00e5gon timmes s\u00f6mn nu, men det g\u00e5r inte. Jag kan inte koppla av. Tankarna snurrar konstant. Det k\u00e4nns som att ha huvudet fullt av brus \u2013 ni vet ljudet fr\u00e5n den svartvita, sn\u00f6iga tv-bilden p\u00e5 80-talet. Exakt s\u00e5 l\u00e5ter det i mitt huvud idag.<\/p>\n\n\n\n<p class=\"p1\">Idag \u00e4r en s\u00e5n dag.<\/p>\n","protected":false},"excerpt":{"rendered":"<p>Hej. Idag v\u00e4ller tr\u00f6ttheten \u00f6ver mig. P\u00e5 riktigt. M\u00e5r illa, k\u00e4nner mig \u00f6m i kroppen och helt i obalans. \u00c5ngest, huvudv\u00e4rk och en k\u00e4nsla av &hellip; <\/p>\n","protected":false},"author":1,"featured_media":1090,"comment_status":"closed","ping_status":"open","sticky":false,"template":"","format":"standard","meta":{"footnotes":""},"categories":[2,3,8,14,33],"tags":[],"class_list":["post-1132","post","type-post","status-publish","format-standard","has-post-thumbnail","hentry","category-2","category-01-personligt","category-autism-adhd","category-fibromyalgi","category-tankar"],"_links":{"self":[{"href":"https:\/\/ewelyn.se\/index.php?rest_route=\/wp\/v2\/posts\/1132","targetHints":{"allow":["GET"]}}],"collection":[{"href":"https:\/\/ewelyn.se\/index.php?rest_route=\/wp\/v2\/posts"}],"about":[{"href":"https:\/\/ewelyn.se\/index.php?rest_route=\/wp\/v2\/types\/post"}],"author":[{"embeddable":true,"href":"https:\/\/ewelyn.se\/index.php?rest_route=\/wp\/v2\/users\/1"}],"replies":[{"embeddable":true,"href":"https:\/\/ewelyn.se\/index.php?rest_route=%2Fwp%2Fv2%2Fcomments&post=1132"}],"version-history":[{"count":0,"href":"https:\/\/ewelyn.se\/index.php?rest_route=\/wp\/v2\/posts\/1132\/revisions"}],"wp:featuredmedia":[{"embeddable":true,"href":"https:\/\/ewelyn.se\/index.php?rest_route=\/wp\/v2\/media\/1090"}],"wp:attachment":[{"href":"https:\/\/ewelyn.se\/index.php?rest_route=%2Fwp%2Fv2%2Fmedia&parent=1132"}],"wp:term":[{"taxonomy":"category","embeddable":true,"href":"https:\/\/ewelyn.se\/index.php?rest_route=%2Fwp%2Fv2%2Fcategories&post=1132"},{"taxonomy":"post_tag","embeddable":true,"href":"https:\/\/ewelyn.se\/index.php?rest_route=%2Fwp%2Fv2%2Ftags&post=1132"}],"curies":[{"name":"wp","href":"https:\/\/api.w.org\/{rel}","templated":true}]}}