{"id":1130,"date":"2026-01-23T12:56:33","date_gmt":"2026-01-23T12:56:33","guid":{"rendered":"https:\/\/pinkjournal.se\/?p=1130"},"modified":"2026-01-23T12:56:33","modified_gmt":"2026-01-23T12:56:33","slug":"ett-vackert-avslut","status":"publish","type":"post","link":"https:\/\/ewelyn.se\/?p=1130","title":{"rendered":"Ett vackert avslut"},"content":{"rendered":"\n<p class=\"p1\">Hej alla fina! Idag \u00e4r en s\u00e5n d\u00e4r dag som k\u00e4nns lite extra i br\u00f6stet. Att f\u00e5 lyssna p\u00e5 lillebrors och pappas tankar kring fasters begravningsceremoni var tungt. B\u00e5de jag och mamma blev djupt ber\u00f6rda, och t\u00e5rarna kom, helt naturligt.<\/p>\n\n\n\n<p class=\"p1\">De beskrev ceremonin s\u00e5 vackert, s\u00e5 stillsamt och varmt, att det n\u00e4stan gjorde ont \u2013 p\u00e5 det d\u00e4r fina s\u00e4ttet. Jag \u00f6nskar av hela mitt hj\u00e4rta att jag hade kunnat vara d\u00e4r, men ni vet hur min v\u00e4rkproblematik s\u00e4tter sina gr\u00e4nser. \u00c4nd\u00e5 har jag henne s\u00e5 varmt i hj\u00e4rtat. Finaste faster.<\/p>\n\n\n\n<p class=\"p1\">Nu \u00e4r hon p\u00e5 andra sidan, hos alla andra. Jag kan se det framf\u00f6r mig \u2013 hur hon blev varmt mottagen. Det k\u00e4nns tr\u00f6stande \u2661<\/p>\n","protected":false},"excerpt":{"rendered":"<p>Hej alla fina! Idag \u00e4r en s\u00e5n d\u00e4r dag som k\u00e4nns lite extra i br\u00f6stet. Att f\u00e5 lyssna p\u00e5 lillebrors och pappas tankar kring fasters &hellip; <\/p>\n","protected":false},"author":1,"featured_media":1129,"comment_status":"closed","ping_status":"open","sticky":false,"template":"","format":"standard","meta":{"footnotes":""},"categories":[3,4,13,23,33],"tags":[],"class_list":["post-1130","post","type-post","status-publish","format-standard","has-post-thumbnail","hentry","category-01-personligt","category-02-fotografier","category-familjen","category-ovrigt","category-tankar"],"_links":{"self":[{"href":"https:\/\/ewelyn.se\/index.php?rest_route=\/wp\/v2\/posts\/1130","targetHints":{"allow":["GET"]}}],"collection":[{"href":"https:\/\/ewelyn.se\/index.php?rest_route=\/wp\/v2\/posts"}],"about":[{"href":"https:\/\/ewelyn.se\/index.php?rest_route=\/wp\/v2\/types\/post"}],"author":[{"embeddable":true,"href":"https:\/\/ewelyn.se\/index.php?rest_route=\/wp\/v2\/users\/1"}],"replies":[{"embeddable":true,"href":"https:\/\/ewelyn.se\/index.php?rest_route=%2Fwp%2Fv2%2Fcomments&post=1130"}],"version-history":[{"count":0,"href":"https:\/\/ewelyn.se\/index.php?rest_route=\/wp\/v2\/posts\/1130\/revisions"}],"wp:featuredmedia":[{"embeddable":true,"href":"https:\/\/ewelyn.se\/index.php?rest_route=\/wp\/v2\/media\/1129"}],"wp:attachment":[{"href":"https:\/\/ewelyn.se\/index.php?rest_route=%2Fwp%2Fv2%2Fmedia&parent=1130"}],"wp:term":[{"taxonomy":"category","embeddable":true,"href":"https:\/\/ewelyn.se\/index.php?rest_route=%2Fwp%2Fv2%2Fcategories&post=1130"},{"taxonomy":"post_tag","embeddable":true,"href":"https:\/\/ewelyn.se\/index.php?rest_route=%2Fwp%2Fv2%2Ftags&post=1130"}],"curies":[{"name":"wp","href":"https:\/\/api.w.org\/{rel}","templated":true}]}}