{"id":1109,"date":"2026-01-22T02:25:03","date_gmt":"2026-01-22T02:25:03","guid":{"rendered":"https:\/\/pinkjournal.se\/?p=1109"},"modified":"2026-01-22T02:25:03","modified_gmt":"2026-01-22T02:25:03","slug":"universum-vackte-mig","status":"publish","type":"post","link":"https:\/\/ewelyn.se\/?p=1109","title":{"rendered":"Universum v\u00e4ckte mig"},"content":{"rendered":"\n<p class=\"p1\">Hej! Nu \u00e4r jag vaken mitt i natten. Klockan har passerat midnatt och huset \u00e4r tyst som det bara \u00e4r n\u00e4r alla andra sover gott. Sj\u00e4lv m\u00e5ste jag ha somnat f\u00f6r ungef\u00e4r en timme sedan \u2013 kanske mer \u2013 men tydligen best\u00e4mde sig min kropp f\u00f6r att ta en mycket kort powernap och sen var det dags att vakna igen.<\/p>\n\n\n\n<p class=\"p1\">Det m\u00e4rkligaste var att jag vaknade fortfarande sittandes i s\u00e4ngen. S\u00e5 det var v\u00e4l bra att vakna som jag gjorde s\u00e5 jag fick chansen att l\u00e4gga mig ordentligt. Men nu ligger jag h\u00e4r nerb\u00e4ddad och ska strax blunda.<\/p>\n\n\n\n<p class=\"p1\">Men vet ni vad? Tur i oturen. F\u00f6r i samma sekund som jag slog upp \u00f6gonen ins\u00e5g jag att jag hade gl\u00f6mt att st\u00e4lla klockan. Vilken miss! Sjukt att universum \u00e4nd\u00e5 v\u00e4ckte mig i tid. Hade annars blivit en kaos morgon och jag hade f\u00f6rmodligen kommit sen till jobbet ocks\u00e5. <\/p>\n\n\n\n<p class=\"p1\">Nu \u00e4r larmet st\u00e4llt, paniken borta och jag ska f\u00f6rs\u00f6ka lura kroppen att det faktiskt \u00e4r natt igen. Vi f\u00e5r se hur det g\u00e5r.<\/p>\n","protected":false},"excerpt":{"rendered":"<p>Hej! Nu \u00e4r jag vaken mitt i natten. Klockan har passerat midnatt och huset \u00e4r tyst som det bara \u00e4r n\u00e4r alla andra sover gott. &hellip; <\/p>\n","protected":false},"author":1,"featured_media":1108,"comment_status":"closed","ping_status":"open","sticky":false,"template":"","format":"standard","meta":{"footnotes":""},"categories":[3,4,6,12,37,25,28,34],"tags":[],"class_list":["post-1109","post","type-post","status-publish","format-standard","has-post-thumbnail","hentry","category-01-personligt","category-02-fotografier","category-04-vardagligt","category-ego","category-iphone-16-plus","category-portratt","category-snicksnack","category-utrustning"],"_links":{"self":[{"href":"https:\/\/ewelyn.se\/index.php?rest_route=\/wp\/v2\/posts\/1109","targetHints":{"allow":["GET"]}}],"collection":[{"href":"https:\/\/ewelyn.se\/index.php?rest_route=\/wp\/v2\/posts"}],"about":[{"href":"https:\/\/ewelyn.se\/index.php?rest_route=\/wp\/v2\/types\/post"}],"author":[{"embeddable":true,"href":"https:\/\/ewelyn.se\/index.php?rest_route=\/wp\/v2\/users\/1"}],"replies":[{"embeddable":true,"href":"https:\/\/ewelyn.se\/index.php?rest_route=%2Fwp%2Fv2%2Fcomments&post=1109"}],"version-history":[{"count":0,"href":"https:\/\/ewelyn.se\/index.php?rest_route=\/wp\/v2\/posts\/1109\/revisions"}],"wp:featuredmedia":[{"embeddable":true,"href":"https:\/\/ewelyn.se\/index.php?rest_route=\/wp\/v2\/media\/1108"}],"wp:attachment":[{"href":"https:\/\/ewelyn.se\/index.php?rest_route=%2Fwp%2Fv2%2Fmedia&parent=1109"}],"wp:term":[{"taxonomy":"category","embeddable":true,"href":"https:\/\/ewelyn.se\/index.php?rest_route=%2Fwp%2Fv2%2Fcategories&post=1109"},{"taxonomy":"post_tag","embeddable":true,"href":"https:\/\/ewelyn.se\/index.php?rest_route=%2Fwp%2Fv2%2Ftags&post=1109"}],"curies":[{"name":"wp","href":"https:\/\/api.w.org\/{rel}","templated":true}]}}