{"id":1094,"date":"2026-01-20T22:01:32","date_gmt":"2026-01-20T22:01:32","guid":{"rendered":"https:\/\/pinkjournal.se\/?p=1094"},"modified":"2026-01-20T22:01:32","modified_gmt":"2026-01-20T22:01:32","slug":"karlek-kommer-med-fyra-ben","status":"publish","type":"post","link":"https:\/\/ewelyn.se\/?p=1094","title":{"rendered":"K\u00e4rlek kommer med fyra ben"},"content":{"rendered":"\n<p>Hej! Jag ligger i s\u00e4ngen just nu. T\u00e4cket \u00e4r lite f\u00f6r varmt,\u00a0 allt \u00e4r \u00e4nd\u00e5 helt perfekt, f\u00f6r bredvid mig ligger Tyra. Min Tyra. Min lilla favorithund. Mitt hj\u00e4rta i p\u00e4lsform.<\/p>\n\n\n\n<p><br>Allts\u00e5 hur kan man \u00e4lska n\u00e5gon s\u00e5 h\u00e4r mycket? P\u00e5 riktigt. Det \u00e4r n\u00e4stan l\u00f6jligt. Hon \u00e4r mitt svansbarn, eller ja, hon har ju ingen svans. S\u00e5 djurbarn d\u00e5. Eller livets st\u00f6rsta k\u00e4rlek, punkt.<\/p>\n\n\n\n<p><br>Hon ligger t\u00e4tt intill, snarkar lite<em> (okej, ganska mycket)<\/em> och ser helt obekymrad ut \u00f6ver v\u00e4rldens alla problem. Som om hennes enda ansvar h\u00e4r i livet \u00e4r att vara s\u00f6t och ta upp exakt 80 % av s\u00e4ngen. Vilket hon sk\u00f6ter exemplariskt. Ni f\u00f6rst\u00e5r kanske inte, men den h\u00e4r hunden har bokstavligen gett mig styrkan att leva. Hon var den som fanns d\u00e4r n\u00e4r jag var i botten. N\u00e4r allt var tungt, n\u00e4r jag inte orkade mer, n\u00e4r dagarna bara gick utan mening. D\u00e5 fanns hon d\u00e4r. Alltid. Med sin v\u00e4rme, sina \u00f6gon och sin n\u00e4rvaro. \u00c4lskade Tyra!<\/p>\n\n\n\n<p><br>Nu har hon varit vid min sida i nio l\u00e5nga \u00e5r. NIO. Helt galet. Nio \u00e5r av promenader, skratt, och o\u00e4ndligt mycket k\u00e4rlek. Och jag hoppas, jag hoppas, att vi f\u00e5r m\u00e5nga fler tillsammans.<br>Ibland kommer de d\u00e4r tankarna smygande. De m\u00f6rka. De jag \u00f6nskar att jag inte hade. Tankarna p\u00e5 den dagen hon inte l\u00e4ngre finns. De knackar mig p\u00e5 axeln ibland. Jag f\u00f6rs\u00f6ker putta bort dem, t\u00e4nka p\u00e5 n\u00e5got annat, fokusera p\u00e5 nuet. <\/p>\n\n\n\n<p><br>S\u00e5 jag ligger i s\u00e4ngen. Klappar min Tyra. Andas in bulldogg-lukt <em>(ni som vet, ni vet).<\/em> Och t\u00e4nker att k\u00e4rlek ibland kommer med fyra ben, rynkigt ansikte och totalt noll respekt f\u00f6r personligt utrymme. Och det \u00e4r faktiskt helt perfekt!<\/p>\n","protected":false},"excerpt":{"rendered":"<p>Hej! Jag ligger i s\u00e4ngen just nu. T\u00e4cket \u00e4r lite f\u00f6r varmt,\u00a0 allt \u00e4r \u00e4nd\u00e5 helt perfekt, f\u00f6r bredvid mig ligger Tyra. Min Tyra. Min &hellip; <\/p>\n","protected":false},"author":1,"featured_media":1092,"comment_status":"closed","ping_status":"open","sticky":false,"template":"","format":"standard","meta":{"footnotes":""},"categories":[3,4,7,11,12,16,37,33,34],"tags":[],"class_list":["post-1094","post","type-post","status-publish","format-standard","has-post-thumbnail","hentry","category-01-personligt","category-02-fotografier","category-05-svansbarnen","category-djuren","category-ego","category-hundarna","category-iphone-16-plus","category-tankar","category-utrustning"],"_links":{"self":[{"href":"https:\/\/ewelyn.se\/index.php?rest_route=\/wp\/v2\/posts\/1094","targetHints":{"allow":["GET"]}}],"collection":[{"href":"https:\/\/ewelyn.se\/index.php?rest_route=\/wp\/v2\/posts"}],"about":[{"href":"https:\/\/ewelyn.se\/index.php?rest_route=\/wp\/v2\/types\/post"}],"author":[{"embeddable":true,"href":"https:\/\/ewelyn.se\/index.php?rest_route=\/wp\/v2\/users\/1"}],"replies":[{"embeddable":true,"href":"https:\/\/ewelyn.se\/index.php?rest_route=%2Fwp%2Fv2%2Fcomments&post=1094"}],"version-history":[{"count":0,"href":"https:\/\/ewelyn.se\/index.php?rest_route=\/wp\/v2\/posts\/1094\/revisions"}],"wp:featuredmedia":[{"embeddable":true,"href":"https:\/\/ewelyn.se\/index.php?rest_route=\/wp\/v2\/media\/1092"}],"wp:attachment":[{"href":"https:\/\/ewelyn.se\/index.php?rest_route=%2Fwp%2Fv2%2Fmedia&parent=1094"}],"wp:term":[{"taxonomy":"category","embeddable":true,"href":"https:\/\/ewelyn.se\/index.php?rest_route=%2Fwp%2Fv2%2Fcategories&post=1094"},{"taxonomy":"post_tag","embeddable":true,"href":"https:\/\/ewelyn.se\/index.php?rest_route=%2Fwp%2Fv2%2Ftags&post=1094"}],"curies":[{"name":"wp","href":"https:\/\/api.w.org\/{rel}","templated":true}]}}