{"id":109,"date":"2025-06-22T16:20:38","date_gmt":"2025-06-22T16:20:38","guid":{"rendered":"http:\/\/pinkjournal.se\/?p=109"},"modified":"2025-06-22T16:20:38","modified_gmt":"2025-06-22T16:20:38","slug":"tomatplantorna-borjar-ta-sig","status":"publish","type":"post","link":"https:\/\/ewelyn.se\/?p=109","title":{"rendered":"Tomatplantorna b\u00f6rjar ta sig"},"content":{"rendered":"\n<p><strong>Hej!<\/strong> Jag k\u00e4nner att denna sommarv\u00e4rmen inte \u00e4r n\u00e5got f\u00f6r mig. Jag m\u00e5r s\u00e5 d\u00e5ligt av v\u00e4rmen, jag f\u00e5r s\u00e5 ont i kroppen och jag blir \u00e5ngestfylld f\u00f6r jag vet inte var jag ska ta v\u00e4gen. Jag sitter med golvfl\u00e4kten, men det bl\u00e5ser ju inte kalluft direkt. Har en grym stor AC p\u00e5 ovanv\u00e5ningen &#8211; men som sagt, den \u00e4r d\u00e4r uppe. Ska jag beh\u00f6va l\u00e5sa in mig p\u00e5 rummet f\u00f6r att m\u00e5 b\u00e4ttre i kroppen?<\/p>\n\n\n\n<p>Jag var ute i v\u00e4xthuset precis och tittade lite bland pappas odlingar. H\u00e4r \u00e4r tomatplantorna vi fick n\u00e4r jag var p\u00e5 min dagliga verksamhet d\u00e4r jag sitter och m\u00e5lar och f\u00f6rs\u00f6ker vara social. Jag trivs bra d\u00e4r, speciellt n\u00e4r man har en fin v\u00e4n d\u00e4r. Sedan vi fick tomatplantorna har dom nog v\u00e4xt dubbelt! Ska bli gott med egenodlade tomater i sommar!<\/p>\n","protected":false},"excerpt":{"rendered":"<p>Hej! Jag k\u00e4nner att denna sommarv\u00e4rmen inte \u00e4r n\u00e5got f\u00f6r mig. Jag m\u00e5r s\u00e5 d\u00e5ligt av v\u00e4rmen, jag f\u00e5r s\u00e5 ont i kroppen och jag &hellip; <\/p>\n","protected":false},"author":1,"featured_media":108,"comment_status":"open","ping_status":"open","sticky":false,"template":"","format":"standard","meta":{"footnotes":""},"categories":[4,15,22,28],"tags":[],"class_list":["post-109","post","type-post","status-publish","format-standard","has-post-thumbnail","hentry","category-02-fotografier","category-hemma-hos","category-naturen","category-snicksnack"],"_links":{"self":[{"href":"https:\/\/ewelyn.se\/index.php?rest_route=\/wp\/v2\/posts\/109","targetHints":{"allow":["GET"]}}],"collection":[{"href":"https:\/\/ewelyn.se\/index.php?rest_route=\/wp\/v2\/posts"}],"about":[{"href":"https:\/\/ewelyn.se\/index.php?rest_route=\/wp\/v2\/types\/post"}],"author":[{"embeddable":true,"href":"https:\/\/ewelyn.se\/index.php?rest_route=\/wp\/v2\/users\/1"}],"replies":[{"embeddable":true,"href":"https:\/\/ewelyn.se\/index.php?rest_route=%2Fwp%2Fv2%2Fcomments&post=109"}],"version-history":[{"count":0,"href":"https:\/\/ewelyn.se\/index.php?rest_route=\/wp\/v2\/posts\/109\/revisions"}],"wp:featuredmedia":[{"embeddable":true,"href":"https:\/\/ewelyn.se\/index.php?rest_route=\/wp\/v2\/media\/108"}],"wp:attachment":[{"href":"https:\/\/ewelyn.se\/index.php?rest_route=%2Fwp%2Fv2%2Fmedia&parent=109"}],"wp:term":[{"taxonomy":"category","embeddable":true,"href":"https:\/\/ewelyn.se\/index.php?rest_route=%2Fwp%2Fv2%2Fcategories&post=109"},{"taxonomy":"post_tag","embeddable":true,"href":"https:\/\/ewelyn.se\/index.php?rest_route=%2Fwp%2Fv2%2Ftags&post=109"}],"curies":[{"name":"wp","href":"https:\/\/api.w.org\/{rel}","templated":true}]}}