{"id":1086,"date":"2026-01-20T19:17:09","date_gmt":"2026-01-20T19:17:09","guid":{"rendered":"https:\/\/pinkjournal.se\/?p=1086"},"modified":"2026-01-20T19:17:09","modified_gmt":"2026-01-20T19:17:09","slug":"fastnat-for-en-ny-bok","status":"publish","type":"post","link":"https:\/\/ewelyn.se\/?p=1086","title":{"rendered":"Fastnat f\u00f6r en ny bok"},"content":{"rendered":"\n<p class=\"p1\">Hej! Ikv\u00e4ll b\u00f6rjade jag l\u00e4sa en ny bok av <em><strong>Jonas Gardell <\/strong> (En komikers uppv\u00e4xt.<\/em>) Jag \u00e4r redan p\u00e5 sida 55 och m\u00e5ste s\u00e4ga att den \u00e4r riktigt bra, och dessutom lite sm\u00e5sp\u00e4nnande. I min takt betyder det att den med st\u00f6rsta sannolikhet \u00e4r utl\u00e4st imorgon. Ja, om inget dramatiskt h\u00e4nder. Som till exempel, s\u00f6mn! Haha!<\/p>\n\n\n\n<p class=\"p1\">Jag hade egentligen t\u00e4nkt forts\u00e4tta titta p\u00e5 Knutby-serien innan, men tv:n var upptagen just d\u00e5. Men nu \u00e4r den ledig, men s\u00e5 fastnade jag med boken ist\u00e4llet. <\/p>\n\n\n\n<p class=\"p1\">Jag funderar starkt p\u00e5 att g\u00f6ra mig en stor kopp te. Det hade varit v\u00e4ldigt gott faktiskt. Imorgon d\u00e4remot, d\u00e5 blir det action. Jag ska storst\u00e4da hela badrummet. Och n\u00e4r jag s\u00e4ger storst\u00e4da menar jag p\u00e5 riktigt. Det \u00e4r kaos d\u00e4r inne just nu. Smink, smycken och diverse prylar som tydligen har ett eget liv. Plus en imponerande h\u00f6g med kl\u00e4der som av n\u00e5gon anledning har hamnat p\u00e5 barnens gamla sk\u00f6tbord. Hur? Varf\u00f6r? Ingen vet. Eller jo, jag vet! Mitt fel! Planen \u00e4r att sortera, vika, torka hyllor, moppa golv och allm\u00e4nt l\u00e5tsas att jag \u00e4r en person som har full kontroll p\u00e5 sitt hem. Det kommer bli s\u00e5 fr\u00e4scht n\u00e4r det \u00e4r klart. Men inte ikv\u00e4ll. Ikv\u00e4ll blir det bok, te och eventuellt lite Knutby\u2026 eller s\u00e5 blir det bara kudde. <strong><em>Vi f\u00e5r se vem som vinner.<\/em><\/strong><\/p>\n","protected":false},"excerpt":{"rendered":"<p>Hej! Ikv\u00e4ll b\u00f6rjade jag l\u00e4sa en ny bok av Jonas Gardell (En komikers uppv\u00e4xt.) Jag \u00e4r redan p\u00e5 sida 55 och m\u00e5ste s\u00e4ga att den &hellip; <\/p>\n","protected":false},"author":1,"featured_media":1085,"comment_status":"closed","ping_status":"open","sticky":false,"template":"","format":"standard","meta":{"footnotes":""},"categories":[3,4,6,9,12,37,23,28,34],"tags":[],"class_list":["post-1086","post","type-post","status-publish","format-standard","has-post-thumbnail","hentry","category-01-personligt","category-02-fotografier","category-04-vardagligt","category-boktips","category-ego","category-iphone-16-plus","category-ovrigt","category-snicksnack","category-utrustning"],"_links":{"self":[{"href":"https:\/\/ewelyn.se\/index.php?rest_route=\/wp\/v2\/posts\/1086","targetHints":{"allow":["GET"]}}],"collection":[{"href":"https:\/\/ewelyn.se\/index.php?rest_route=\/wp\/v2\/posts"}],"about":[{"href":"https:\/\/ewelyn.se\/index.php?rest_route=\/wp\/v2\/types\/post"}],"author":[{"embeddable":true,"href":"https:\/\/ewelyn.se\/index.php?rest_route=\/wp\/v2\/users\/1"}],"replies":[{"embeddable":true,"href":"https:\/\/ewelyn.se\/index.php?rest_route=%2Fwp%2Fv2%2Fcomments&post=1086"}],"version-history":[{"count":0,"href":"https:\/\/ewelyn.se\/index.php?rest_route=\/wp\/v2\/posts\/1086\/revisions"}],"wp:featuredmedia":[{"embeddable":true,"href":"https:\/\/ewelyn.se\/index.php?rest_route=\/wp\/v2\/media\/1085"}],"wp:attachment":[{"href":"https:\/\/ewelyn.se\/index.php?rest_route=%2Fwp%2Fv2%2Fmedia&parent=1086"}],"wp:term":[{"taxonomy":"category","embeddable":true,"href":"https:\/\/ewelyn.se\/index.php?rest_route=%2Fwp%2Fv2%2Fcategories&post=1086"},{"taxonomy":"post_tag","embeddable":true,"href":"https:\/\/ewelyn.se\/index.php?rest_route=%2Fwp%2Fv2%2Ftags&post=1086"}],"curies":[{"name":"wp","href":"https:\/\/api.w.org\/{rel}","templated":true}]}}