{"id":1080,"date":"2026-01-20T15:18:10","date_gmt":"2026-01-20T15:18:10","guid":{"rendered":"https:\/\/pinkjournal.se\/?p=1080"},"modified":"2026-01-20T15:18:10","modified_gmt":"2026-01-20T15:18:10","slug":"kanner-mig-som-en-sengangare","status":"publish","type":"post","link":"https:\/\/ewelyn.se\/?p=1080","title":{"rendered":"K\u00e4nner mig som en seng\u00e5ngare"},"content":{"rendered":"\n<p class=\"p1\">Hej! Shit vad tr\u00f6tt jag \u00e4r idag. Eftermiddagen sm\u00f6g sig p\u00e5 och pl\u00f6tsligt k\u00e4nde jag mig som en sladdrig gel\u00e9klump. Tror ADHD-medicinen packat ihop och g\u00e5tt hem, f\u00f6r helt pl\u00f6tsligt blev jag bara s\u00e5 tr\u00f6tt. Fick st\u00e4lla in boendest\u00f6det och sen somnade jag som en liten sj\u00f6ko i soffan. Vaknade efter en timme av att n\u00e5gon undrade n\u00e4r boendest\u00f6det kommer. Hade ju gl\u00f6mt s\u00e4ga att jag st\u00e4llt in det. Klassiskt mig!<\/p>\n\n\n\n<p class=\"p1\">Nu kommer de iallafall n\u00e4sta tisdag, s\u00e5 det \u00e4r ju bra. Men jag tror jag f\u00e5r ta medicinen lite senare \u00e4n klockan 8 p\u00e5 morgonen, annars orkar jag inte med vardagen utan att k\u00e4nna mig som en seng\u00e5ngare <\/p>\n\n\n\n<p class=\"p1\">Jag hade planer p\u00e5 att provbaka morotsmuffins idag, men n\u00e4, energin r\u00e4cker inte till. Jag skulle nog bara d\u00e4cka i mj\u00f6let eller n\u00e5got. S\u00e5 idag f\u00e5r muffins-planerna vila och jag f\u00e5r forts\u00e4tta vara en halvsovande sj\u00f6ko.<\/p>\n\n\n\n<p><\/p>\n","protected":false},"excerpt":{"rendered":"<p>Hej! Shit vad tr\u00f6tt jag \u00e4r idag. Eftermiddagen sm\u00f6g sig p\u00e5 och pl\u00f6tsligt k\u00e4nde jag mig som en sladdrig gel\u00e9klump. Tror ADHD-medicinen packat ihop och &hellip; <\/p>\n","protected":false},"author":1,"featured_media":1079,"comment_status":"closed","ping_status":"open","sticky":false,"template":"","format":"standard","meta":{"footnotes":""},"categories":[3,4,6,8,12,37,25,28,34],"tags":[],"class_list":["post-1080","post","type-post","status-publish","format-standard","has-post-thumbnail","hentry","category-01-personligt","category-02-fotografier","category-04-vardagligt","category-autism-adhd","category-ego","category-iphone-16-plus","category-portratt","category-snicksnack","category-utrustning"],"_links":{"self":[{"href":"https:\/\/ewelyn.se\/index.php?rest_route=\/wp\/v2\/posts\/1080","targetHints":{"allow":["GET"]}}],"collection":[{"href":"https:\/\/ewelyn.se\/index.php?rest_route=\/wp\/v2\/posts"}],"about":[{"href":"https:\/\/ewelyn.se\/index.php?rest_route=\/wp\/v2\/types\/post"}],"author":[{"embeddable":true,"href":"https:\/\/ewelyn.se\/index.php?rest_route=\/wp\/v2\/users\/1"}],"replies":[{"embeddable":true,"href":"https:\/\/ewelyn.se\/index.php?rest_route=%2Fwp%2Fv2%2Fcomments&post=1080"}],"version-history":[{"count":0,"href":"https:\/\/ewelyn.se\/index.php?rest_route=\/wp\/v2\/posts\/1080\/revisions"}],"wp:featuredmedia":[{"embeddable":true,"href":"https:\/\/ewelyn.se\/index.php?rest_route=\/wp\/v2\/media\/1079"}],"wp:attachment":[{"href":"https:\/\/ewelyn.se\/index.php?rest_route=%2Fwp%2Fv2%2Fmedia&parent=1080"}],"wp:term":[{"taxonomy":"category","embeddable":true,"href":"https:\/\/ewelyn.se\/index.php?rest_route=%2Fwp%2Fv2%2Fcategories&post=1080"},{"taxonomy":"post_tag","embeddable":true,"href":"https:\/\/ewelyn.se\/index.php?rest_route=%2Fwp%2Fv2%2Ftags&post=1080"}],"curies":[{"name":"wp","href":"https:\/\/api.w.org\/{rel}","templated":true}]}}