{"id":1073,"date":"2026-01-19T21:01:55","date_gmt":"2026-01-19T21:01:55","guid":{"rendered":"https:\/\/pinkjournal.se\/?p=1073"},"modified":"2026-01-19T21:01:55","modified_gmt":"2026-01-19T21:01:55","slug":"en-lugn-och-mysig-dag","status":"publish","type":"post","link":"https:\/\/ewelyn.se\/?p=1073","title":{"rendered":"En lugn och mysig dag"},"content":{"rendered":"\n<p class=\"p1\">Idag har varit en s\u00e5n d\u00e4r riktigt lugn dag. En s\u00e5n dag d\u00e4r kroppen s\u00e4ger ifr\u00e5n och man bara f\u00e5r acceptera l\u00e4get. Jag har inte kunnat g\u00f6ra s\u00e5 mycket alls utan har mest varit s\u00e4ngliggande. Och vet ni, ibland finns det faktiskt inget annat att g\u00f6ra \u00e4n att bara lyssna p\u00e5 kroppen och ta det i den takt som g\u00e5r.<\/p>\n\n\n\n<p class=\"p1\">S\u00e5 det har blivit en stillsam dag h\u00e4r hemma. Inga m\u00e5sten, inga tider att passa. Mest vila, andas och bara vara. Och mitt i allt det lugna s\u00e5 plockade jag fram mina nya m\u00e5larb\u00f6cker. Allts\u00e5 jag \u00e4lskar verkligen att sitta och m\u00e5la. Det \u00e4r s\u00e5 himla rogivande.<\/p>\n\n\n\n<p class=\"p1\">N\u00e4r jag m\u00e5lar hamnar jag liksom i min egen lilla bubbla. Allt runt omkring f\u00f6rsvinner en stund och det enda som finns \u00e4r f\u00e4rgerna, pappret och nuet. Det \u00e4r som terapi fast billigare, haha! Alla vuxna borde m\u00e5la! Man sitter d\u00e4r, fokuserad, lugn och har faktiskt riktigt roligt samtidigt. Det g\u00f6r s\u00e5 gott f\u00f6r b\u00e5de hj\u00e4rnan och hj\u00e4rtat.<\/p>\n\n\n\n<p class=\"p1\">S\u00e5 d\u00e4r har jag legat och suttit om vartannat idag, med f\u00e4rgpennor utspridda lite \u00f6verallt och t\u00e4cket uppdraget. En v\u00e4ldigt sn\u00e4ll dag mot mig sj\u00e4lv, helt enkelt.<\/p>\n\n\n\n<blockquote class=\"wp-block-quote is-layout-flow wp-block-quote-is-layout-flow\">\n<p>Och imorgon\u2026 \u00e5h, imorgon ser jag verkligen fram emot!<\/p>\n<\/blockquote>\n\n\n\n<p class=\"p1\">D\u00e5 ska jag till Hamnen och tr\u00e4ffa b\u00e4sta Johanna och Jenna. Det ska bli s\u00e5 mysigt. N\u00e5gra timmar med prat, kaffe och lite pyssel \u2013 precis s\u00e5 som jag gillar det. Inget stressigt, bara h\u00e4ng, skratt och fina samtal.<\/p>\n\n\n\n<p class=\"p1\">Jag \u00e4lskar verkligen mitt lilla g\u00e4ng d\u00e4r. Det \u00e4r s\u00e5 fint att ha m\u00e4nniskor som man bara kan vara sig sj\u00e4lv med, d\u00e4r allt k\u00e4nns enkelt och tryggt. Bara sitta ner, dricka kaffe och prata om livet i stort och sm\u00e5tt.<\/p>\n\n\n\n<p class=\"p1\">S\u00e5 \u00e4ven om idag varit v\u00e4ldigt lugn och stilla s\u00e5 k\u00e4nns det som att jag laddat upp p\u00e5 b\u00e4sta s\u00e4tt inf\u00f6r imorgon. Det ska bli en bra dag, det k\u00e4nner jag p\u00e5 mig. En s\u00e5n d\u00e4r dag som fyller p\u00e5 med lite extra v\u00e4rme.<\/p>\n\n\n\n<p class=\"p1\">Nu ska jag forts\u00e4tta ta det lugnt, kanske m\u00e5la lite till och bara njuta av kv\u00e4llen. Ibland \u00e4r det faktiskt de h\u00e4r enkla dagarna som betyder mest \u2661<\/p>\n","protected":false},"excerpt":{"rendered":"<p>Idag har varit en s\u00e5n d\u00e4r riktigt lugn dag. En s\u00e5n dag d\u00e4r kroppen s\u00e4ger ifr\u00e5n och man bara f\u00e5r acceptera l\u00e4get. Jag har inte &hellip; <\/p>\n","protected":false},"author":1,"featured_media":1072,"comment_status":"closed","ping_status":"open","sticky":false,"template":"","format":"standard","meta":{"footnotes":""},"categories":[3,4,6,12,37,19,23,28,34],"tags":[],"class_list":["post-1073","post","type-post","status-publish","format-standard","has-post-thumbnail","hentry","category-01-personligt","category-02-fotografier","category-04-vardagligt","category-ego","category-iphone-16-plus","category-lucy-tipsar","category-ovrigt","category-snicksnack","category-utrustning"],"_links":{"self":[{"href":"https:\/\/ewelyn.se\/index.php?rest_route=\/wp\/v2\/posts\/1073","targetHints":{"allow":["GET"]}}],"collection":[{"href":"https:\/\/ewelyn.se\/index.php?rest_route=\/wp\/v2\/posts"}],"about":[{"href":"https:\/\/ewelyn.se\/index.php?rest_route=\/wp\/v2\/types\/post"}],"author":[{"embeddable":true,"href":"https:\/\/ewelyn.se\/index.php?rest_route=\/wp\/v2\/users\/1"}],"replies":[{"embeddable":true,"href":"https:\/\/ewelyn.se\/index.php?rest_route=%2Fwp%2Fv2%2Fcomments&post=1073"}],"version-history":[{"count":0,"href":"https:\/\/ewelyn.se\/index.php?rest_route=\/wp\/v2\/posts\/1073\/revisions"}],"wp:featuredmedia":[{"embeddable":true,"href":"https:\/\/ewelyn.se\/index.php?rest_route=\/wp\/v2\/media\/1072"}],"wp:attachment":[{"href":"https:\/\/ewelyn.se\/index.php?rest_route=%2Fwp%2Fv2%2Fmedia&parent=1073"}],"wp:term":[{"taxonomy":"category","embeddable":true,"href":"https:\/\/ewelyn.se\/index.php?rest_route=%2Fwp%2Fv2%2Fcategories&post=1073"},{"taxonomy":"post_tag","embeddable":true,"href":"https:\/\/ewelyn.se\/index.php?rest_route=%2Fwp%2Fv2%2Ftags&post=1073"}],"curies":[{"name":"wp","href":"https:\/\/api.w.org\/{rel}","templated":true}]}}